{"id":994,"date":"2025-10-28T12:46:14","date_gmt":"2025-10-28T12:46:14","guid":{"rendered":"https:\/\/www.mancomunidadpantuena.org\/?p=994"},"modified":"2025-10-28T12:46:14","modified_gmt":"2025-10-28T12:46:14","slug":"homenaje-a-concha-velasco-yo-me-bajo-en-la-proxima-y-usted-para-personas-mayores","status":"publish","type":"post","link":"https:\/\/www.mancomunidadpantuena.org\/index.php\/2025\/10\/28\/homenaje-a-concha-velasco-yo-me-bajo-en-la-proxima-y-usted-para-personas-mayores\/","title":{"rendered":"\u00abHOMENAJE A CONCHA VELASCO: YO ME BAJO EN LA PR\u00d3XIMA \u00bfY USTED?\u00bb PARA PERSONAS MAYORES"},"content":{"rendered":"\n<figure class=\"wp-block-image size-large\"><img loading=\"lazy\" decoding=\"async\" width=\"716\" height=\"1024\" src=\"https:\/\/www.mancomunidadpantuena.org\/wp-content\/uploads\/2025\/10\/Cartel-teatro-pagina-web-716x1024.png\" alt=\"\" class=\"wp-image-995\" srcset=\"https:\/\/www.mancomunidadpantuena.org\/wp-content\/uploads\/2025\/10\/Cartel-teatro-pagina-web-716x1024.png 716w, https:\/\/www.mancomunidadpantuena.org\/wp-content\/uploads\/2025\/10\/Cartel-teatro-pagina-web-210x300.png 210w, https:\/\/www.mancomunidadpantuena.org\/wp-content\/uploads\/2025\/10\/Cartel-teatro-pagina-web-768x1098.png 768w, https:\/\/www.mancomunidadpantuena.org\/wp-content\/uploads\/2025\/10\/Cartel-teatro-pagina-web-1074x1536.png 1074w, https:\/\/www.mancomunidadpantuena.org\/wp-content\/uploads\/2025\/10\/Cartel-teatro-pagina-web.png 1399w\" sizes=\"auto, (max-width: 716px) 100vw, 716px\" \/><\/figure>\n\n\n\n<p>Desde el Proyecto Soledad No Deseada de la Mancomunidad de Servicios Sociales Pantue\u00f1a, se presenta la obra de teatro dirigida a personas mayores de edad <strong>\u00abHomenaje a Concha Velasco: Yo me bajo en la pr\u00f3xima \u00bfy usted?\u00bb,<\/strong> de Adolfo Marsillach. Adaptaci\u00f3n con n\u00fameros musicales y texto actualizado, que ha recorrido Espa\u00f1a con gran \u00e9xito. Un viaje al pasado para recordar a esta actriz donde las personas mayores disfrutar\u00e1n de una tarde llena de risas.<\/p>\n\n\n\n<p>Esta actividad es de <strong>car\u00e1cter gratuito<\/strong> para los asistentes.<\/p>\n\n\n\n<p>\ud83d\udccc<strong>LUGAR: <\/strong>AUDITORIO \u201cLAS AMAPOLAS\u201d, TORRES DE LA ALAMEDA<\/p>\n\n\n\n<p>\ud83d\uddd3\ufe0f<strong>FECHA:<\/strong>VIERNES 28 DE NOVIEMBRE<\/p>\n\n\n\n<p>\ud83d\udd5b<strong>HORA:<\/strong>18 HORAS.<\/p>\n\n\n\n<p><strong>RECOGIDA DE ENTRADAS:<\/strong><strong> a partir del 3 de noviembre <\/strong>en los ayuntamientos de los municipios de la Mancomunidad (Anchuelo, Corpa, Pezuela de las Torres, Santorcaz y Valverde de Alcal\u00e1), en la sede de la Mancomunidad de Servicios Sociales Pantue\u00f1a y una hora antes del comienzo del espect\u00e1culo. Se facilitar\u00e1 un m\u00e1ximo de 6 entradas por persona.<\/p>\n\n\n\n<p><\/p>\n","protected":false},"excerpt":{"rendered":"<p>Desde el Proyecto Soledad No Deseada de la Mancomunidad de Servicios Sociales Pantue\u00f1a, se presenta la obra de teatro dirigida a personas mayores de edad \u00abHomenaje a Concha Velasco: Yo me bajo en la pr\u00f3xima \u00bfy usted?\u00bb, de Adolfo Marsillach. &hellip; <a href=\"https:\/\/www.mancomunidadpantuena.org\/index.php\/2025\/10\/28\/homenaje-a-concha-velasco-yo-me-bajo-en-la-proxima-y-usted-para-personas-mayores\/\">Sigue leyendo <span class=\"meta-nav\">&rarr;<\/span><\/a><\/p>\n","protected":false},"author":1,"featured_media":995,"comment_status":"closed","ping_status":"closed","sticky":false,"template":"","format":"standard","meta":{"footnotes":""},"categories":[1],"tags":[],"class_list":["post-994","post","type-post","status-publish","format-standard","has-post-thumbnail","hentry","category-sin-categoria"],"_links":{"self":[{"href":"https:\/\/www.mancomunidadpantuena.org\/index.php\/wp-json\/wp\/v2\/posts\/994","targetHints":{"allow":["GET"]}}],"collection":[{"href":"https:\/\/www.mancomunidadpantuena.org\/index.php\/wp-json\/wp\/v2\/posts"}],"about":[{"href":"https:\/\/www.mancomunidadpantuena.org\/index.php\/wp-json\/wp\/v2\/types\/post"}],"author":[{"embeddable":true,"href":"https:\/\/www.mancomunidadpantuena.org\/index.php\/wp-json\/wp\/v2\/users\/1"}],"replies":[{"embeddable":true,"href":"https:\/\/www.mancomunidadpantuena.org\/index.php\/wp-json\/wp\/v2\/comments?post=994"}],"version-history":[{"count":1,"href":"https:\/\/www.mancomunidadpantuena.org\/index.php\/wp-json\/wp\/v2\/posts\/994\/revisions"}],"predecessor-version":[{"id":996,"href":"https:\/\/www.mancomunidadpantuena.org\/index.php\/wp-json\/wp\/v2\/posts\/994\/revisions\/996"}],"wp:featuredmedia":[{"embeddable":true,"href":"https:\/\/www.mancomunidadpantuena.org\/index.php\/wp-json\/wp\/v2\/media\/995"}],"wp:attachment":[{"href":"https:\/\/www.mancomunidadpantuena.org\/index.php\/wp-json\/wp\/v2\/media?parent=994"}],"wp:term":[{"taxonomy":"category","embeddable":true,"href":"https:\/\/www.mancomunidadpantuena.org\/index.php\/wp-json\/wp\/v2\/categories?post=994"},{"taxonomy":"post_tag","embeddable":true,"href":"https:\/\/www.mancomunidadpantuena.org\/index.php\/wp-json\/wp\/v2\/tags?post=994"}],"curies":[{"name":"wp","href":"https:\/\/api.w.org\/{rel}","templated":true}]}}