{"id":989,"date":"2025-10-20T11:10:17","date_gmt":"2025-10-20T11:10:17","guid":{"rendered":"https:\/\/www.mancomunidadpantuena.org\/?p=989"},"modified":"2025-10-20T11:10:17","modified_gmt":"2025-10-20T11:10:17","slug":"taller-danzaterapia-pmorvg-pantuena-torres-de-la-alameda","status":"publish","type":"post","link":"https:\/\/www.mancomunidadpantuena.org\/index.php\/2025\/10\/20\/taller-danzaterapia-pmorvg-pantuena-torres-de-la-alameda\/","title":{"rendered":"Taller DANZATERAPIA Pmorvg Pantue\u00f1a. Torres de la Alameda"},"content":{"rendered":"\n<figure class=\"wp-block-image size-full\"><img loading=\"lazy\" decoding=\"async\" width=\"1414\" height=\"2000\" src=\"https:\/\/www.mancomunidadpantuena.org\/wp-content\/uploads\/2025\/10\/Danzaterapia-Torres-5.png\" alt=\"\" class=\"wp-image-984\" srcset=\"https:\/\/www.mancomunidadpantuena.org\/wp-content\/uploads\/2025\/10\/Danzaterapia-Torres-5.png 1414w, https:\/\/www.mancomunidadpantuena.org\/wp-content\/uploads\/2025\/10\/Danzaterapia-Torres-5-212x300.png 212w\" sizes=\"auto, (max-width: 1414px) 100vw, 1414px\" \/><\/figure>\n\n\n\n<p>Desde el Punto Municipal del Observatorio Regional De violencia de g\u00e9nero&nbsp;de la Mancomunidad Pantue\u00f1a, en su l\u00ednea de igualdad&nbsp;y Salud. Seguimos&nbsp;realizando el taller de Danzaterapia<\/p>\n\n\n\n<p>\ud83d\udce3&nbsp;Nueva Edici\u00f3n del Taller de&nbsp;<strong>DANZATERAPIA&nbsp;<\/strong>en&nbsp;<strong>Torres de la Alameda<\/strong><\/p>\n\n\n\n<p>\ud83d\udcc6&nbsp; D\u00eda&nbsp;24 de Octubre<\/p>\n\n\n\n<p>\ud83d\udccc&nbsp;Lugar Recinto Ferial. P\u00ba de los Pozos s\/n. Torres de la Alameda<\/p>\n\n\n\n<p>\u23f0&nbsp;Horario: 18.00 a 20.00 horas<\/p>\n\n\n\n<p>\ud83d\udc6f\ud83d\udc6d&nbsp;Para Mujeres y\/o Madres e hijas,&nbsp; que buscan desconectar, re\u00edr, soltar endorfinas y mejorar su bienestar emocional y f\u00edsico<\/p>\n\n\n\n<p>\ud83d\udc49\ud83d\udc49&nbsp;Inscripciones por tel\u00e9fono.&nbsp;<\/p>\n\n\n\n<p>LLama al 695 26 79 22&nbsp;<\/p>\n\n\n\n<p>\ud83d\udc47Pincha<\/p>\n\n\n\n<p><a href=\"https:\/\/docs.google.com\/forms\/d\/1thw0MoLL19K-3efBp6uQPXrjDvI5Oz-_-pvqEwLw5OU\/viewform?edit_requested=true&amp;pli=1\">https:\/\/docs.google.com\/forms\/d\/1thw0MoLL19K-3efBp6uQPXrjDvI5Oz-_-pvqEwLw5OU\/viewform?edit_requested=true&amp;pli=1<\/a><\/p>\n","protected":false},"excerpt":{"rendered":"<p>Desde el Punto Municipal del Observatorio Regional De violencia de g\u00e9nero&nbsp;de la Mancomunidad Pantue\u00f1a, en su l\u00ednea de igualdad&nbsp;y Salud. Seguimos&nbsp;realizando el taller de Danzaterapia \ud83d\udce3&nbsp;Nueva Edici\u00f3n del Taller de&nbsp;DANZATERAPIA&nbsp;en&nbsp;Torres de la Alameda \ud83d\udcc6&nbsp; D\u00eda&nbsp;24 de Octubre \ud83d\udccc&nbsp;Lugar Recinto Ferial. &hellip; <a href=\"https:\/\/www.mancomunidadpantuena.org\/index.php\/2025\/10\/20\/taller-danzaterapia-pmorvg-pantuena-torres-de-la-alameda\/\">Sigue leyendo <span class=\"meta-nav\">&rarr;<\/span><\/a><\/p>\n","protected":false},"author":1,"featured_media":984,"comment_status":"closed","ping_status":"closed","sticky":false,"template":"","format":"standard","meta":{"footnotes":""},"categories":[1],"tags":[],"class_list":["post-989","post","type-post","status-publish","format-standard","has-post-thumbnail","hentry","category-sin-categoria"],"_links":{"self":[{"href":"https:\/\/www.mancomunidadpantuena.org\/index.php\/wp-json\/wp\/v2\/posts\/989","targetHints":{"allow":["GET"]}}],"collection":[{"href":"https:\/\/www.mancomunidadpantuena.org\/index.php\/wp-json\/wp\/v2\/posts"}],"about":[{"href":"https:\/\/www.mancomunidadpantuena.org\/index.php\/wp-json\/wp\/v2\/types\/post"}],"author":[{"embeddable":true,"href":"https:\/\/www.mancomunidadpantuena.org\/index.php\/wp-json\/wp\/v2\/users\/1"}],"replies":[{"embeddable":true,"href":"https:\/\/www.mancomunidadpantuena.org\/index.php\/wp-json\/wp\/v2\/comments?post=989"}],"version-history":[{"count":1,"href":"https:\/\/www.mancomunidadpantuena.org\/index.php\/wp-json\/wp\/v2\/posts\/989\/revisions"}],"predecessor-version":[{"id":990,"href":"https:\/\/www.mancomunidadpantuena.org\/index.php\/wp-json\/wp\/v2\/posts\/989\/revisions\/990"}],"wp:featuredmedia":[{"embeddable":true,"href":"https:\/\/www.mancomunidadpantuena.org\/index.php\/wp-json\/wp\/v2\/media\/984"}],"wp:attachment":[{"href":"https:\/\/www.mancomunidadpantuena.org\/index.php\/wp-json\/wp\/v2\/media?parent=989"}],"wp:term":[{"taxonomy":"category","embeddable":true,"href":"https:\/\/www.mancomunidadpantuena.org\/index.php\/wp-json\/wp\/v2\/categories?post=989"},{"taxonomy":"post_tag","embeddable":true,"href":"https:\/\/www.mancomunidadpantuena.org\/index.php\/wp-json\/wp\/v2\/tags?post=989"}],"curies":[{"name":"wp","href":"https:\/\/api.w.org\/{rel}","templated":true}]}}