{"id":986,"date":"2025-10-20T11:07:21","date_gmt":"2025-10-20T11:07:21","guid":{"rendered":"https:\/\/www.mancomunidadpantuena.org\/?p=986"},"modified":"2025-10-20T11:07:21","modified_gmt":"2025-10-20T11:07:21","slug":"jornadas-profesinales-25n-pmorvg-pantuena-el-acompanamiento-sensible","status":"publish","type":"post","link":"https:\/\/www.mancomunidadpantuena.org\/index.php\/2025\/10\/20\/jornadas-profesinales-25n-pmorvg-pantuena-el-acompanamiento-sensible\/","title":{"rendered":"JORNADAS PROFESINALES 25N. Pmorvg Pantue\u00f1a. El Acompa\u00f1amiento Sensible"},"content":{"rendered":"\n<figure class=\"wp-block-image size-large\"><img loading=\"lazy\" decoding=\"async\" width=\"724\" height=\"1024\" src=\"https:\/\/www.mancomunidadpantuena.org\/wp-content\/uploads\/2025\/10\/Programa--724x1024.png\" alt=\"\" class=\"wp-image-987\" srcset=\"https:\/\/www.mancomunidadpantuena.org\/wp-content\/uploads\/2025\/10\/Programa--724x1024.png 724w, https:\/\/www.mancomunidadpantuena.org\/wp-content\/uploads\/2025\/10\/Programa--212x300.png 212w, https:\/\/www.mancomunidadpantuena.org\/wp-content\/uploads\/2025\/10\/Programa--768x1086.png 768w, https:\/\/www.mancomunidadpantuena.org\/wp-content\/uploads\/2025\/10\/Programa--1086x1536.png 1086w, https:\/\/www.mancomunidadpantuena.org\/wp-content\/uploads\/2025\/10\/Programa--1448x2048.png 1448w, https:\/\/www.mancomunidadpantuena.org\/wp-content\/uploads\/2025\/10\/Programa-.png 1587w\" sizes=\"auto, (max-width: 724px) 100vw, 724px\" \/><\/figure>\n\n\n\n<p>Desde el Punto municipal del observatorio regional de violencia de g\u00e9nero de la Mancomunidad de Pantue\u00f1a,<\/p>\n\n\n\n<p>\ud83e\ude85\ud83e\udd73&nbsp;Os presentamos las nuevas Jornadas de formaci\u00f3n por el 25N.<\/p>\n\n\n\n<p>Este a\u00f1o versar\u00e1n sobre&nbsp;<strong>\u00abEl Acompa\u00f1amiento Sensible\u00bb.&nbsp;<\/strong>Habilidades y Estrategias en la Intervenci\u00f3n Profesional<\/p>\n\n\n\n<p>\ud83d\udce3&nbsp;Jornadas&nbsp; Profesionales 25N<\/p>\n\n\n\n<p>\ud83d\udcc6&nbsp;&nbsp;D\u00eda&nbsp;<strong>21&nbsp;de Noviembre<\/strong><\/p>\n\n\n\n<p>\ud83d\udccc&nbsp;Lugar:&nbsp;<strong>Ayuntamiento&nbsp;de Torres de la Alameda<\/strong>. Sala de Juntas.1\u00ba Planta. Plaza del sol 16.<\/p>\n\n\n\n<p>\u23f0&nbsp;Horario: 9.15 a 13.30 horas<\/p>\n\n\n\n<p>\ud83d\udc6e\ud83e\uddd1\u200d\ud83d\udd2c\ud83e\uddd1\u200d\ud83d\udcbb\ud83d\udc72\ud83e\uddd1\u200d\u2695\ufe0f&nbsp;Dirigidas a todos y todas aquellas profesionales que intervienen, de alguna forma ,con personas involucradas en la violencia de g\u00e9nero<br>\ud83d\udc49\ud83d\udc49&nbsp;<\/p>\n\n\n\n<p><strong>Inscripciones&nbsp;&nbsp;<\/strong><\/p>\n\n\n\n<p><a href=\"https:\/\/docs.google.com\/forms\/d\/e\/1FAIpQLSfDwEcz-GkMQ7VyKdp9XdW5M1xQaKhrlpGlmdPF7AzlR6fbnA\/viewform\">https:\/\/docs.google.com\/forms\/d\/e\/1FAIpQLSfDwEcz-GkMQ7VyKdp9XdW5M1xQaKhrlpGlmdPF7AzlR6fbnA\/viewform<\/a><\/p>\n\n\n\n<p><\/p>\n","protected":false},"excerpt":{"rendered":"<p>Desde el Punto municipal del observatorio regional de violencia de g\u00e9nero de la Mancomunidad de Pantue\u00f1a, \ud83e\ude85\ud83e\udd73&nbsp;Os presentamos las nuevas Jornadas de formaci\u00f3n por el 25N. Este a\u00f1o versar\u00e1n sobre&nbsp;\u00abEl Acompa\u00f1amiento Sensible\u00bb.&nbsp;Habilidades y Estrategias en la Intervenci\u00f3n Profesional \ud83d\udce3&nbsp;Jornadas&nbsp; Profesionales &hellip; <a href=\"https:\/\/www.mancomunidadpantuena.org\/index.php\/2025\/10\/20\/jornadas-profesinales-25n-pmorvg-pantuena-el-acompanamiento-sensible\/\">Sigue leyendo <span class=\"meta-nav\">&rarr;<\/span><\/a><\/p>\n","protected":false},"author":1,"featured_media":987,"comment_status":"closed","ping_status":"closed","sticky":false,"template":"","format":"standard","meta":{"footnotes":""},"categories":[1],"tags":[],"class_list":["post-986","post","type-post","status-publish","format-standard","has-post-thumbnail","hentry","category-sin-categoria"],"_links":{"self":[{"href":"https:\/\/www.mancomunidadpantuena.org\/index.php\/wp-json\/wp\/v2\/posts\/986","targetHints":{"allow":["GET"]}}],"collection":[{"href":"https:\/\/www.mancomunidadpantuena.org\/index.php\/wp-json\/wp\/v2\/posts"}],"about":[{"href":"https:\/\/www.mancomunidadpantuena.org\/index.php\/wp-json\/wp\/v2\/types\/post"}],"author":[{"embeddable":true,"href":"https:\/\/www.mancomunidadpantuena.org\/index.php\/wp-json\/wp\/v2\/users\/1"}],"replies":[{"embeddable":true,"href":"https:\/\/www.mancomunidadpantuena.org\/index.php\/wp-json\/wp\/v2\/comments?post=986"}],"version-history":[{"count":1,"href":"https:\/\/www.mancomunidadpantuena.org\/index.php\/wp-json\/wp\/v2\/posts\/986\/revisions"}],"predecessor-version":[{"id":988,"href":"https:\/\/www.mancomunidadpantuena.org\/index.php\/wp-json\/wp\/v2\/posts\/986\/revisions\/988"}],"wp:featuredmedia":[{"embeddable":true,"href":"https:\/\/www.mancomunidadpantuena.org\/index.php\/wp-json\/wp\/v2\/media\/987"}],"wp:attachment":[{"href":"https:\/\/www.mancomunidadpantuena.org\/index.php\/wp-json\/wp\/v2\/media?parent=986"}],"wp:term":[{"taxonomy":"category","embeddable":true,"href":"https:\/\/www.mancomunidadpantuena.org\/index.php\/wp-json\/wp\/v2\/categories?post=986"},{"taxonomy":"post_tag","embeddable":true,"href":"https:\/\/www.mancomunidadpantuena.org\/index.php\/wp-json\/wp\/v2\/tags?post=986"}],"curies":[{"name":"wp","href":"https:\/\/api.w.org\/{rel}","templated":true}]}}