{"id":964,"date":"2025-10-14T08:10:32","date_gmt":"2025-10-14T08:10:32","guid":{"rendered":"https:\/\/www.mancomunidadpantuena.org\/?p=964"},"modified":"2025-10-14T08:10:32","modified_gmt":"2025-10-14T08:10:32","slug":"taller-mindfulness-y-empleo-pmorvg-pantuena-torres-de-la-alameda","status":"publish","type":"post","link":"https:\/\/www.mancomunidadpantuena.org\/index.php\/2025\/10\/14\/taller-mindfulness-y-empleo-pmorvg-pantuena-torres-de-la-alameda\/","title":{"rendered":"Taller Mindfulness y Empleo Pmorvg Pantue\u00f1a. Torres de la Alameda"},"content":{"rendered":"\n<figure class=\"wp-block-image size-large\"><img loading=\"lazy\" decoding=\"async\" width=\"724\" height=\"1024\" src=\"https:\/\/www.mancomunidadpantuena.org\/wp-content\/uploads\/2025\/10\/taller-mind-fulness-torres-724x1024.png\" alt=\"\" class=\"wp-image-965\" srcset=\"https:\/\/www.mancomunidadpantuena.org\/wp-content\/uploads\/2025\/10\/taller-mind-fulness-torres-724x1024.png 724w, https:\/\/www.mancomunidadpantuena.org\/wp-content\/uploads\/2025\/10\/taller-mind-fulness-torres-212x300.png 212w, https:\/\/www.mancomunidadpantuena.org\/wp-content\/uploads\/2025\/10\/taller-mind-fulness-torres-768x1086.png 768w, https:\/\/www.mancomunidadpantuena.org\/wp-content\/uploads\/2025\/10\/taller-mind-fulness-torres-1086x1536.png 1086w, https:\/\/www.mancomunidadpantuena.org\/wp-content\/uploads\/2025\/10\/taller-mind-fulness-torres-1448x2048.png 1448w, https:\/\/www.mancomunidadpantuena.org\/wp-content\/uploads\/2025\/10\/taller-mind-fulness-torres.png 1587w\" sizes=\"auto, (max-width: 724px) 100vw, 724px\" \/><\/figure>\n\n\n\n<p>Buenos d\u00edas,<\/p>\n\n\n\n<p>Desde el Punto Municipal del Observatorio Regional De violencia de g\u00e9nero&nbsp;de la Mancomunidad Pantue\u00f1a, en su l\u00ednea de igualdad&nbsp;y empleo,&nbsp;seguimos&nbsp;realizando el taller de Mindfulness<\/p>\n\n\n\n<p>\ud83d\udce3&nbsp;Nueva Edici\u00f3n del Taller del Mindfulness en Torres de la Alameda<\/p>\n\n\n\n<p>\ud83d\udcc6&nbsp; Dia 17 de Octubre<\/p>\n\n\n\n<p>\ud83d\udccc&nbsp;Lugar Recinto Ferial. Calle Calvario s\/n. Torres de la Alameda<\/p>\n\n\n\n<p>\u23f0&nbsp;Horario: 18.00 a 19.30 horas<\/p>\n\n\n\n<p>\ud83d\udc6f\ud83d\udc6d&nbsp;Para Mujeres que buscan herramientas para el Empleo<\/p>\n\n\n\n<p>\ud83d\udc49\ud83d\udc49&nbsp;Inscripciones por tel\u00e9fono.&nbsp;<\/p>\n\n\n\n<p>LLama al 695 26 79 22&nbsp;<\/p>\n\n\n\n<p>\ud83d\udc47Pincha<\/p>\n\n\n\n<p><a href=\"https:\/\/docs.google.com\/forms\/d\/1aNatDy5Hl1J0NDjIf7yfvZEAXXvlVI6ly7MKtcj5gfw\/viewform?edit_requested=true&amp;pli=1\">https:\/\/docs.google.com\/forms\/d\/1aNatDy5Hl1J0NDjIf7yfvZEAXXvlVI6ly7MKtcj5gfw\/viewform?edit_requested=true&amp;pli=1<\/a><\/p>\n\n\n\n<p><\/p>\n","protected":false},"excerpt":{"rendered":"<p>Buenos d\u00edas, Desde el Punto Municipal del Observatorio Regional De violencia de g\u00e9nero&nbsp;de la Mancomunidad Pantue\u00f1a, en su l\u00ednea de igualdad&nbsp;y empleo,&nbsp;seguimos&nbsp;realizando el taller de Mindfulness \ud83d\udce3&nbsp;Nueva Edici\u00f3n del Taller del Mindfulness en Torres de la Alameda \ud83d\udcc6&nbsp; Dia 17 &hellip; <a href=\"https:\/\/www.mancomunidadpantuena.org\/index.php\/2025\/10\/14\/taller-mindfulness-y-empleo-pmorvg-pantuena-torres-de-la-alameda\/\">Sigue leyendo <span class=\"meta-nav\">&rarr;<\/span><\/a><\/p>\n","protected":false},"author":1,"featured_media":965,"comment_status":"closed","ping_status":"open","sticky":false,"template":"","format":"standard","meta":{"footnotes":""},"categories":[1],"tags":[],"class_list":["post-964","post","type-post","status-publish","format-standard","has-post-thumbnail","hentry","category-sin-categoria"],"_links":{"self":[{"href":"https:\/\/www.mancomunidadpantuena.org\/index.php\/wp-json\/wp\/v2\/posts\/964","targetHints":{"allow":["GET"]}}],"collection":[{"href":"https:\/\/www.mancomunidadpantuena.org\/index.php\/wp-json\/wp\/v2\/posts"}],"about":[{"href":"https:\/\/www.mancomunidadpantuena.org\/index.php\/wp-json\/wp\/v2\/types\/post"}],"author":[{"embeddable":true,"href":"https:\/\/www.mancomunidadpantuena.org\/index.php\/wp-json\/wp\/v2\/users\/1"}],"replies":[{"embeddable":true,"href":"https:\/\/www.mancomunidadpantuena.org\/index.php\/wp-json\/wp\/v2\/comments?post=964"}],"version-history":[{"count":1,"href":"https:\/\/www.mancomunidadpantuena.org\/index.php\/wp-json\/wp\/v2\/posts\/964\/revisions"}],"predecessor-version":[{"id":966,"href":"https:\/\/www.mancomunidadpantuena.org\/index.php\/wp-json\/wp\/v2\/posts\/964\/revisions\/966"}],"wp:featuredmedia":[{"embeddable":true,"href":"https:\/\/www.mancomunidadpantuena.org\/index.php\/wp-json\/wp\/v2\/media\/965"}],"wp:attachment":[{"href":"https:\/\/www.mancomunidadpantuena.org\/index.php\/wp-json\/wp\/v2\/media?parent=964"}],"wp:term":[{"taxonomy":"category","embeddable":true,"href":"https:\/\/www.mancomunidadpantuena.org\/index.php\/wp-json\/wp\/v2\/categories?post=964"},{"taxonomy":"post_tag","embeddable":true,"href":"https:\/\/www.mancomunidadpantuena.org\/index.php\/wp-json\/wp\/v2\/tags?post=964"}],"curies":[{"name":"wp","href":"https:\/\/api.w.org\/{rel}","templated":true}]}}