{"id":907,"date":"2025-06-18T07:57:12","date_gmt":"2025-06-18T07:57:12","guid":{"rendered":"https:\/\/www.mancomunidadpantuena.org\/?p=907"},"modified":"2025-06-18T12:35:50","modified_gmt":"2025-06-18T12:35:50","slug":"taller-de-cosmetica-natural-2","status":"publish","type":"post","link":"https:\/\/www.mancomunidadpantuena.org\/index.php\/2025\/06\/18\/taller-de-cosmetica-natural-2\/","title":{"rendered":"Taller de Cosm\u00e9tica Natural"},"content":{"rendered":"\n<figure class=\"wp-block-image size-large\"><img loading=\"lazy\" decoding=\"async\" width=\"724\" height=\"1024\" src=\"https:\/\/www.mancomunidadpantuena.org\/wp-content\/uploads\/2025\/06\/Taller-de-COSMETICA-NATURAL-3-724x1024.png\" alt=\"\" class=\"wp-image-909\" srcset=\"https:\/\/www.mancomunidadpantuena.org\/wp-content\/uploads\/2025\/06\/Taller-de-COSMETICA-NATURAL-3-724x1024.png 724w, https:\/\/www.mancomunidadpantuena.org\/wp-content\/uploads\/2025\/06\/Taller-de-COSMETICA-NATURAL-3-212x300.png 212w, https:\/\/www.mancomunidadpantuena.org\/wp-content\/uploads\/2025\/06\/Taller-de-COSMETICA-NATURAL-3-768x1086.png 768w, https:\/\/www.mancomunidadpantuena.org\/wp-content\/uploads\/2025\/06\/Taller-de-COSMETICA-NATURAL-3-1086x1536.png 1086w, https:\/\/www.mancomunidadpantuena.org\/wp-content\/uploads\/2025\/06\/Taller-de-COSMETICA-NATURAL-3.png 1414w\" sizes=\"auto, (max-width: 724px) 100vw, 724px\" \/><\/figure>\n\n\n\n<p>Desde el Punto Municipal del Observatorio Regional de Violencia de G\u00e9nero de la Mancomunidad Pantue\u00f1a, en su l\u00ednea de promoci\u00f3n de la igualdad de oportunidades entre mujeres y hombres, actividad cofinanciada al 40% por parte del Fondo Social Europeo Plus (FSE+) en el marco del programa operativo de la Comunidad de Madrid 2021-2027, os invitamos a la actividad de Taller de Cosm\u00e9tica Natural en el municipio de Corpa.<\/p>\n\n\n\n<p>\ud83d\udce3&nbsp;Taller de Cosm\u00e9tica Natural<\/p>\n\n\n\n<p>\ud83d\udccc&nbsp;Edificio Polivalente. Calle de las Cruces, 23. Corpa<\/p>\n\n\n\n<p>\ud83d\udcc6&nbsp;Jueves, 26 de junio de 2025 de 17.00 a 20.00 h.<\/p>\n\n\n\n<p>Os esperamos!!!<\/p>\n\n\n\n<p><\/p>\n\n\n\n<p><\/p>\n","protected":false},"excerpt":{"rendered":"<p>Desde el Punto Municipal del Observatorio Regional de Violencia de G\u00e9nero de la Mancomunidad Pantue\u00f1a, en su l\u00ednea de promoci\u00f3n de la igualdad de oportunidades entre mujeres y hombres, actividad cofinanciada al 40% por parte del Fondo Social Europeo Plus &hellip; <a href=\"https:\/\/www.mancomunidadpantuena.org\/index.php\/2025\/06\/18\/taller-de-cosmetica-natural-2\/\">Sigue leyendo <span class=\"meta-nav\">&rarr;<\/span><\/a><\/p>\n","protected":false},"author":1,"featured_media":909,"comment_status":"closed","ping_status":"open","sticky":false,"template":"","format":"standard","meta":{"footnotes":""},"categories":[1],"tags":[],"class_list":["post-907","post","type-post","status-publish","format-standard","has-post-thumbnail","hentry","category-sin-categoria"],"_links":{"self":[{"href":"https:\/\/www.mancomunidadpantuena.org\/index.php\/wp-json\/wp\/v2\/posts\/907","targetHints":{"allow":["GET"]}}],"collection":[{"href":"https:\/\/www.mancomunidadpantuena.org\/index.php\/wp-json\/wp\/v2\/posts"}],"about":[{"href":"https:\/\/www.mancomunidadpantuena.org\/index.php\/wp-json\/wp\/v2\/types\/post"}],"author":[{"embeddable":true,"href":"https:\/\/www.mancomunidadpantuena.org\/index.php\/wp-json\/wp\/v2\/users\/1"}],"replies":[{"embeddable":true,"href":"https:\/\/www.mancomunidadpantuena.org\/index.php\/wp-json\/wp\/v2\/comments?post=907"}],"version-history":[{"count":3,"href":"https:\/\/www.mancomunidadpantuena.org\/index.php\/wp-json\/wp\/v2\/posts\/907\/revisions"}],"predecessor-version":[{"id":912,"href":"https:\/\/www.mancomunidadpantuena.org\/index.php\/wp-json\/wp\/v2\/posts\/907\/revisions\/912"}],"wp:featuredmedia":[{"embeddable":true,"href":"https:\/\/www.mancomunidadpantuena.org\/index.php\/wp-json\/wp\/v2\/media\/909"}],"wp:attachment":[{"href":"https:\/\/www.mancomunidadpantuena.org\/index.php\/wp-json\/wp\/v2\/media?parent=907"}],"wp:term":[{"taxonomy":"category","embeddable":true,"href":"https:\/\/www.mancomunidadpantuena.org\/index.php\/wp-json\/wp\/v2\/categories?post=907"},{"taxonomy":"post_tag","embeddable":true,"href":"https:\/\/www.mancomunidadpantuena.org\/index.php\/wp-json\/wp\/v2\/tags?post=907"}],"curies":[{"name":"wp","href":"https:\/\/api.w.org\/{rel}","templated":true}]}}