{"id":889,"date":"2025-05-28T11:47:39","date_gmt":"2025-05-28T11:47:39","guid":{"rendered":"https:\/\/www.mancomunidadpantuena.org\/?p=889"},"modified":"2025-05-29T08:15:56","modified_gmt":"2025-05-29T08:15:56","slug":"construimos-red-para-frenar-la-soledad","status":"publish","type":"post","link":"https:\/\/www.mancomunidadpantuena.org\/index.php\/2025\/05\/28\/construimos-red-para-frenar-la-soledad\/","title":{"rendered":"Construimos RED para frenar la SOLEDAD"},"content":{"rendered":"\n<p><strong>SEMANA DE LA SENSIBILIZACI\u00d3N. MAYORES Y SOLEDAD. 26-30 de Mayo 2025.<\/strong><\/p>\n\n\n\n<figure class=\"wp-block-image size-large\"><img loading=\"lazy\" decoding=\"async\" width=\"724\" height=\"1024\" src=\"https:\/\/www.mancomunidadpantuena.org\/wp-content\/uploads\/2025\/05\/Cartel_page-0001-724x1024.jpg\" alt=\"\" class=\"wp-image-890\" srcset=\"https:\/\/www.mancomunidadpantuena.org\/wp-content\/uploads\/2025\/05\/Cartel_page-0001-724x1024.jpg 724w, https:\/\/www.mancomunidadpantuena.org\/wp-content\/uploads\/2025\/05\/Cartel_page-0001-212x300.jpg 212w, https:\/\/www.mancomunidadpantuena.org\/wp-content\/uploads\/2025\/05\/Cartel_page-0001-768x1087.jpg 768w, https:\/\/www.mancomunidadpantuena.org\/wp-content\/uploads\/2025\/05\/Cartel_page-0001-1085x1536.jpg 1085w, https:\/\/www.mancomunidadpantuena.org\/wp-content\/uploads\/2025\/05\/Cartel_page-0001-1447x2048.jpg 1447w, https:\/\/www.mancomunidadpantuena.org\/wp-content\/uploads\/2025\/05\/Cartel_page-0001-scaled.jpg 1809w\" sizes=\"auto, (max-width: 724px) 100vw, 724px\" \/><\/figure>\n\n\n\n<p>La Comunidad de Madrid integra a m\u00e1s del 75% de los municipios en su Red Regional de Atenci\u00f3n a Mayores en Soledad, que trabaja en la identificaci\u00f3n de las personas que est\u00e1n viviendo esta situaci\u00f3n y el despliegue de medidas para prevenirla. La Consejer\u00eda de Familia, Juventud y Asuntos Sociales ha organizado la I Semana de la Sensibilizaci\u00f3n, entre el 26 y el 30 de mayo de 2025, bajo el lema Construimos RED para frenar la SOLEDAD.<br>La Mancomunidad de Servicios Sociales Pantue\u00f1a, como miembro de la Red Regional, suscribe la declaraci\u00f3n institucional con motivo de la Semana de la Sensibilizaci\u00f3n 2025 y manifiesta su compromiso de continuar desarrollando actuaciones en materia de atenci\u00f3n a personas mayores en soledad, en el \u00e1mbito de sus competencias.<\/p>\n\n\n\n<figure class=\"wp-block-image size-large\"><img loading=\"lazy\" decoding=\"async\" width=\"375\" height=\"1024\" src=\"https:\/\/www.mancomunidadpantuena.org\/wp-content\/uploads\/2025\/05\/Infografia-1_page-0001-1-375x1024.jpg\" alt=\"\" class=\"wp-image-893\" srcset=\"https:\/\/www.mancomunidadpantuena.org\/wp-content\/uploads\/2025\/05\/Infografia-1_page-0001-1-375x1024.jpg 375w, https:\/\/www.mancomunidadpantuena.org\/wp-content\/uploads\/2025\/05\/Infografia-1_page-0001-1-110x300.jpg 110w, https:\/\/www.mancomunidadpantuena.org\/wp-content\/uploads\/2025\/05\/Infografia-1_page-0001-1-768x2095.jpg 768w, https:\/\/www.mancomunidadpantuena.org\/wp-content\/uploads\/2025\/05\/Infografia-1_page-0001-1-563x1536.jpg 563w, https:\/\/www.mancomunidadpantuena.org\/wp-content\/uploads\/2025\/05\/Infografia-1_page-0001-1-751x2048.jpg 751w, https:\/\/www.mancomunidadpantuena.org\/wp-content\/uploads\/2025\/05\/Infografia-1_page-0001-1.jpg 938w\" sizes=\"auto, (max-width: 375px) 100vw, 375px\" \/><\/figure>\n\n\n\n<figure class=\"wp-block-image size-large\"><img loading=\"lazy\" decoding=\"async\" width=\"344\" height=\"1024\" src=\"https:\/\/www.mancomunidadpantuena.org\/wp-content\/uploads\/2025\/05\/Infografia-2_page-0001-1-344x1024.jpg\" alt=\"\" class=\"wp-image-894\" srcset=\"https:\/\/www.mancomunidadpantuena.org\/wp-content\/uploads\/2025\/05\/Infografia-2_page-0001-1-344x1024.jpg 344w, https:\/\/www.mancomunidadpantuena.org\/wp-content\/uploads\/2025\/05\/Infografia-2_page-0001-1-101x300.jpg 101w, https:\/\/www.mancomunidadpantuena.org\/wp-content\/uploads\/2025\/05\/Infografia-2_page-0001-1-768x2288.jpg 768w, https:\/\/www.mancomunidadpantuena.org\/wp-content\/uploads\/2025\/05\/Infografia-2_page-0001-1-687x2048.jpg 687w, https:\/\/www.mancomunidadpantuena.org\/wp-content\/uploads\/2025\/05\/Infografia-2_page-0001-1-scaled.jpg 859w\" sizes=\"auto, (max-width: 344px) 100vw, 344px\" \/><\/figure>\n\n\n\n<p><strong>Gu\u00eda de comunicaci\u00f3n<\/strong><a href=\"https:\/\/gestiona3.madrid.org\/bvirtual\/BVCM051429.pdf\">   <\/a><a href=\"https:\/\/gestiona3.madrid.org\/bvirtual\/BVCM051429.pdf\">https:\/\/gestiona3.madrid.org\/bvirtual\/BVCM051429.pdf<\/a><\/p>\n\n\n\n<figure class=\"wp-block-image size-large\"><img loading=\"lazy\" decoding=\"async\" width=\"724\" height=\"1024\" src=\"https:\/\/www.mancomunidadpantuena.org\/wp-content\/uploads\/2025\/05\/2025_05_20-Post-guia-de-comunicacion-1_page-0001-724x1024.jpg\" alt=\"\" class=\"wp-image-897\" srcset=\"https:\/\/www.mancomunidadpantuena.org\/wp-content\/uploads\/2025\/05\/2025_05_20-Post-guia-de-comunicacion-1_page-0001-724x1024.jpg 724w, https:\/\/www.mancomunidadpantuena.org\/wp-content\/uploads\/2025\/05\/2025_05_20-Post-guia-de-comunicacion-1_page-0001-212x300.jpg 212w, https:\/\/www.mancomunidadpantuena.org\/wp-content\/uploads\/2025\/05\/2025_05_20-Post-guia-de-comunicacion-1_page-0001-768x1087.jpg 768w, https:\/\/www.mancomunidadpantuena.org\/wp-content\/uploads\/2025\/05\/2025_05_20-Post-guia-de-comunicacion-1_page-0001-1085x1536.jpg 1085w, https:\/\/www.mancomunidadpantuena.org\/wp-content\/uploads\/2025\/05\/2025_05_20-Post-guia-de-comunicacion-1_page-0001-1447x2048.jpg 1447w, https:\/\/www.mancomunidadpantuena.org\/wp-content\/uploads\/2025\/05\/2025_05_20-Post-guia-de-comunicacion-1_page-0001-scaled.jpg 1809w\" sizes=\"auto, (max-width: 724px) 100vw, 724px\" \/><\/figure>\n\n\n\n<p><\/p>\n","protected":false},"excerpt":{"rendered":"<p>SEMANA DE LA SENSIBILIZACI\u00d3N. MAYORES Y SOLEDAD. 26-30 de Mayo 2025. La Comunidad de Madrid integra a m\u00e1s del 75% de los municipios en su Red Regional de Atenci\u00f3n a Mayores en Soledad, que trabaja en la identificaci\u00f3n de las &hellip; <a href=\"https:\/\/www.mancomunidadpantuena.org\/index.php\/2025\/05\/28\/construimos-red-para-frenar-la-soledad\/\">Sigue leyendo <span class=\"meta-nav\">&rarr;<\/span><\/a><\/p>\n","protected":false},"author":1,"featured_media":0,"comment_status":"closed","ping_status":"closed","sticky":false,"template":"","format":"standard","meta":{"footnotes":""},"categories":[1],"tags":[],"class_list":["post-889","post","type-post","status-publish","format-standard","hentry","category-sin-categoria"],"_links":{"self":[{"href":"https:\/\/www.mancomunidadpantuena.org\/index.php\/wp-json\/wp\/v2\/posts\/889","targetHints":{"allow":["GET"]}}],"collection":[{"href":"https:\/\/www.mancomunidadpantuena.org\/index.php\/wp-json\/wp\/v2\/posts"}],"about":[{"href":"https:\/\/www.mancomunidadpantuena.org\/index.php\/wp-json\/wp\/v2\/types\/post"}],"author":[{"embeddable":true,"href":"https:\/\/www.mancomunidadpantuena.org\/index.php\/wp-json\/wp\/v2\/users\/1"}],"replies":[{"embeddable":true,"href":"https:\/\/www.mancomunidadpantuena.org\/index.php\/wp-json\/wp\/v2\/comments?post=889"}],"version-history":[{"count":4,"href":"https:\/\/www.mancomunidadpantuena.org\/index.php\/wp-json\/wp\/v2\/posts\/889\/revisions"}],"predecessor-version":[{"id":900,"href":"https:\/\/www.mancomunidadpantuena.org\/index.php\/wp-json\/wp\/v2\/posts\/889\/revisions\/900"}],"wp:attachment":[{"href":"https:\/\/www.mancomunidadpantuena.org\/index.php\/wp-json\/wp\/v2\/media?parent=889"}],"wp:term":[{"taxonomy":"category","embeddable":true,"href":"https:\/\/www.mancomunidadpantuena.org\/index.php\/wp-json\/wp\/v2\/categories?post=889"},{"taxonomy":"post_tag","embeddable":true,"href":"https:\/\/www.mancomunidadpantuena.org\/index.php\/wp-json\/wp\/v2\/tags?post=889"}],"curies":[{"name":"wp","href":"https:\/\/api.w.org\/{rel}","templated":true}]}}