{"id":886,"date":"2025-05-19T12:08:50","date_gmt":"2025-05-19T12:08:50","guid":{"rendered":"https:\/\/www.mancomunidadpantuena.org\/?p=886"},"modified":"2025-05-19T12:08:50","modified_gmt":"2025-05-19T12:08:50","slug":"taller-de-aplicaciones-informaticas-y-brecha-digital","status":"publish","type":"post","link":"https:\/\/www.mancomunidadpantuena.org\/index.php\/2025\/05\/19\/taller-de-aplicaciones-informaticas-y-brecha-digital\/","title":{"rendered":"Taller de aplicaciones inform\u00e1ticas y brecha digital"},"content":{"rendered":"\n<p>Desde la Mancomunidad de Pantue\u00f1a, en su l\u00ednea de igualdad , talleres de empleo, os invitamos al&nbsp;<\/p>\n\n\n\n<p><strong>\ud83d\udcbb\ud83d\udcdaTaller de Aplicaciones m\u00f3viles y Brecha digital&nbsp;<\/strong>dirigido a mujeresinteresadas en aprender manejo b\u00e1sico del dispositivo m\u00f3vil y sus aplicaciones.<\/p>\n\n\n\n<p>\ud83d\udcc6Fecha:<strong>Viernes 23 de mayo<\/strong><\/p>\n\n\n\n<p>\ud83d\udcccLugar:\u00a0\u00a0<strong>CC la Posada<\/strong>\u00a0:\u00a0<a href=\"https:\/\/www.google.com\/maps\/place\/\/data=!4m2!3m1!1s0xd4259c3a72e9027:0x3c3bef6e98884d2c?sa=X&amp;ved=1t:8290&amp;ictx=111\" target=\"_blank\" rel=\"noreferrer noopener\">C. de Sergio Caballero, 16, 28812\u00a0<strong>Pezuela de las Torres<\/strong><\/a><\/p>\n\n\n\n<p>\u23f0Hora:&nbsp;<strong>17.00 a 20.00h<\/strong><\/p>\n\n\n\n<p>\u00a0\ud83d\udc47<strong>Inscripciones<\/strong>:\u00a0<a href=\"https:\/\/docs.google.com\/forms\/d\/1iid0ATDdFBAdDVK7G3w4Lw1d3KvHAyL4UckdGlEdABY\/preview\" target=\"_blank\" rel=\"noreferrer noopener\">https:\/\/docs.google.com\/forms\/d\/1iid0ATDdFBAdDVK7G3w4Lw1d3KvHAyL4UckdGlEdABY\/preview<\/a><\/p>\n\n\n\n<p>Actividad cofinanciada al 40% por parte del Fondo Social Europeo Plus (FSE+) en el marco del programa operativo de la Comunidad de Madrid 2021-2027<\/p>\n\n\n\n<figure class=\"wp-block-image size-large\"><img loading=\"lazy\" decoding=\"async\" width=\"724\" height=\"1024\" src=\"https:\/\/www.mancomunidadpantuena.org\/wp-content\/uploads\/2025\/05\/BRECHA-DIGITAL-PEZUELA-QR-A3-724x1024.png\" alt=\"\" class=\"wp-image-887\" srcset=\"https:\/\/www.mancomunidadpantuena.org\/wp-content\/uploads\/2025\/05\/BRECHA-DIGITAL-PEZUELA-QR-A3-724x1024.png 724w, https:\/\/www.mancomunidadpantuena.org\/wp-content\/uploads\/2025\/05\/BRECHA-DIGITAL-PEZUELA-QR-A3-212x300.png 212w, https:\/\/www.mancomunidadpantuena.org\/wp-content\/uploads\/2025\/05\/BRECHA-DIGITAL-PEZUELA-QR-A3-768x1086.png 768w, https:\/\/www.mancomunidadpantuena.org\/wp-content\/uploads\/2025\/05\/BRECHA-DIGITAL-PEZUELA-QR-A3-1086x1536.png 1086w, https:\/\/www.mancomunidadpantuena.org\/wp-content\/uploads\/2025\/05\/BRECHA-DIGITAL-PEZUELA-QR-A3.png 1414w\" sizes=\"auto, (max-width: 724px) 100vw, 724px\" \/><\/figure>\n","protected":false},"excerpt":{"rendered":"<p>Desde la Mancomunidad de Pantue\u00f1a, en su l\u00ednea de igualdad , talleres de empleo, os invitamos al&nbsp; \ud83d\udcbb\ud83d\udcdaTaller de Aplicaciones m\u00f3viles y Brecha digital&nbsp;dirigido a mujeresinteresadas en aprender manejo b\u00e1sico del dispositivo m\u00f3vil y sus aplicaciones. \ud83d\udcc6Fecha:Viernes 23 de mayo &hellip; <a href=\"https:\/\/www.mancomunidadpantuena.org\/index.php\/2025\/05\/19\/taller-de-aplicaciones-informaticas-y-brecha-digital\/\">Sigue leyendo <span class=\"meta-nav\">&rarr;<\/span><\/a><\/p>\n","protected":false},"author":1,"featured_media":0,"comment_status":"closed","ping_status":"closed","sticky":false,"template":"","format":"standard","meta":{"footnotes":""},"categories":[1],"tags":[],"class_list":["post-886","post","type-post","status-publish","format-standard","hentry","category-sin-categoria"],"_links":{"self":[{"href":"https:\/\/www.mancomunidadpantuena.org\/index.php\/wp-json\/wp\/v2\/posts\/886","targetHints":{"allow":["GET"]}}],"collection":[{"href":"https:\/\/www.mancomunidadpantuena.org\/index.php\/wp-json\/wp\/v2\/posts"}],"about":[{"href":"https:\/\/www.mancomunidadpantuena.org\/index.php\/wp-json\/wp\/v2\/types\/post"}],"author":[{"embeddable":true,"href":"https:\/\/www.mancomunidadpantuena.org\/index.php\/wp-json\/wp\/v2\/users\/1"}],"replies":[{"embeddable":true,"href":"https:\/\/www.mancomunidadpantuena.org\/index.php\/wp-json\/wp\/v2\/comments?post=886"}],"version-history":[{"count":1,"href":"https:\/\/www.mancomunidadpantuena.org\/index.php\/wp-json\/wp\/v2\/posts\/886\/revisions"}],"predecessor-version":[{"id":888,"href":"https:\/\/www.mancomunidadpantuena.org\/index.php\/wp-json\/wp\/v2\/posts\/886\/revisions\/888"}],"wp:attachment":[{"href":"https:\/\/www.mancomunidadpantuena.org\/index.php\/wp-json\/wp\/v2\/media?parent=886"}],"wp:term":[{"taxonomy":"category","embeddable":true,"href":"https:\/\/www.mancomunidadpantuena.org\/index.php\/wp-json\/wp\/v2\/categories?post=886"},{"taxonomy":"post_tag","embeddable":true,"href":"https:\/\/www.mancomunidadpantuena.org\/index.php\/wp-json\/wp\/v2\/tags?post=886"}],"curies":[{"name":"wp","href":"https:\/\/api.w.org\/{rel}","templated":true}]}}