{"id":861,"date":"2025-05-06T07:20:35","date_gmt":"2025-05-06T07:20:35","guid":{"rendered":"https:\/\/www.mancomunidadpantuena.org\/?p=861"},"modified":"2025-05-06T07:20:35","modified_gmt":"2025-05-06T07:20:35","slug":"taller-de-cosmetica-natural","status":"publish","type":"post","link":"https:\/\/www.mancomunidadpantuena.org\/index.php\/2025\/05\/06\/taller-de-cosmetica-natural\/","title":{"rendered":"Taller de cosm\u00e9tica natural"},"content":{"rendered":"\n<figure class=\"wp-block-image size-large\"><img loading=\"lazy\" decoding=\"async\" width=\"724\" height=\"1024\" src=\"https:\/\/www.mancomunidadpantuena.org\/wp-content\/uploads\/2025\/05\/Taller-de-COSMETICA-NATURAL-724x1024.png\" alt=\"\" class=\"wp-image-862\" srcset=\"https:\/\/www.mancomunidadpantuena.org\/wp-content\/uploads\/2025\/05\/Taller-de-COSMETICA-NATURAL-724x1024.png 724w, https:\/\/www.mancomunidadpantuena.org\/wp-content\/uploads\/2025\/05\/Taller-de-COSMETICA-NATURAL-212x300.png 212w, https:\/\/www.mancomunidadpantuena.org\/wp-content\/uploads\/2025\/05\/Taller-de-COSMETICA-NATURAL-768x1086.png 768w, https:\/\/www.mancomunidadpantuena.org\/wp-content\/uploads\/2025\/05\/Taller-de-COSMETICA-NATURAL-1086x1536.png 1086w, https:\/\/www.mancomunidadpantuena.org\/wp-content\/uploads\/2025\/05\/Taller-de-COSMETICA-NATURAL.png 1414w\" sizes=\"auto, (max-width: 724px) 100vw, 724px\" \/><\/figure>\n\n\n\n<p>Desde el Punto Municipal del Observatorio Regional de Violencia de G\u00e9nero de la Mancomunidad de Pantue\u00f1a, en su L\u00ednea 1 de Igualdad os presentamos el Taller de Cosm\u00e9tica Natural que se celebrar\u00e1&nbsp;pr\u00f3ximamente&nbsp;en Pezuela de las Torres.<\/p>\n\n\n\n<p>\ud83d\udcc6&nbsp;<strong>Viernes, 16 de Mayo de 2025<\/strong><\/p>\n\n\n\n<p><strong>\u23f0&nbsp;17:30h a 20:30h<\/strong><\/p>\n\n\n\n<p><strong>\ud83d\udccc&nbsp;CC. La Posada. C\/ Sergio Caballero n\u00ba 16, Pezuela de las Torres.&nbsp;<\/strong><\/p>\n\n\n\n<p>\u00a1Os esperamos!<\/p>\n","protected":false},"excerpt":{"rendered":"<p>Desde el Punto Municipal del Observatorio Regional de Violencia de G\u00e9nero de la Mancomunidad de Pantue\u00f1a, en su L\u00ednea 1 de Igualdad os presentamos el Taller de Cosm\u00e9tica Natural que se celebrar\u00e1&nbsp;pr\u00f3ximamente&nbsp;en Pezuela de las Torres. \ud83d\udcc6&nbsp;Viernes, 16 de Mayo &hellip; <a href=\"https:\/\/www.mancomunidadpantuena.org\/index.php\/2025\/05\/06\/taller-de-cosmetica-natural\/\">Sigue leyendo <span class=\"meta-nav\">&rarr;<\/span><\/a><\/p>\n","protected":false},"author":1,"featured_media":0,"comment_status":"closed","ping_status":"closed","sticky":false,"template":"","format":"standard","meta":{"footnotes":""},"categories":[1],"tags":[],"class_list":["post-861","post","type-post","status-publish","format-standard","hentry","category-sin-categoria"],"_links":{"self":[{"href":"https:\/\/www.mancomunidadpantuena.org\/index.php\/wp-json\/wp\/v2\/posts\/861","targetHints":{"allow":["GET"]}}],"collection":[{"href":"https:\/\/www.mancomunidadpantuena.org\/index.php\/wp-json\/wp\/v2\/posts"}],"about":[{"href":"https:\/\/www.mancomunidadpantuena.org\/index.php\/wp-json\/wp\/v2\/types\/post"}],"author":[{"embeddable":true,"href":"https:\/\/www.mancomunidadpantuena.org\/index.php\/wp-json\/wp\/v2\/users\/1"}],"replies":[{"embeddable":true,"href":"https:\/\/www.mancomunidadpantuena.org\/index.php\/wp-json\/wp\/v2\/comments?post=861"}],"version-history":[{"count":1,"href":"https:\/\/www.mancomunidadpantuena.org\/index.php\/wp-json\/wp\/v2\/posts\/861\/revisions"}],"predecessor-version":[{"id":863,"href":"https:\/\/www.mancomunidadpantuena.org\/index.php\/wp-json\/wp\/v2\/posts\/861\/revisions\/863"}],"wp:attachment":[{"href":"https:\/\/www.mancomunidadpantuena.org\/index.php\/wp-json\/wp\/v2\/media?parent=861"}],"wp:term":[{"taxonomy":"category","embeddable":true,"href":"https:\/\/www.mancomunidadpantuena.org\/index.php\/wp-json\/wp\/v2\/categories?post=861"},{"taxonomy":"post_tag","embeddable":true,"href":"https:\/\/www.mancomunidadpantuena.org\/index.php\/wp-json\/wp\/v2\/tags?post=861"}],"curies":[{"name":"wp","href":"https:\/\/api.w.org\/{rel}","templated":true}]}}