{"id":807,"date":"2025-03-18T15:46:08","date_gmt":"2025-03-18T15:46:08","guid":{"rendered":"https:\/\/www.mancomunidadpantuena.org\/?p=807"},"modified":"2025-03-18T15:46:08","modified_gmt":"2025-03-18T15:46:08","slug":"actos-conmemorativos-dia-de-la-mujer","status":"publish","type":"post","link":"https:\/\/www.mancomunidadpantuena.org\/index.php\/2025\/03\/18\/actos-conmemorativos-dia-de-la-mujer\/","title":{"rendered":"Actos conmemorativos d\u00eda de la mujer"},"content":{"rendered":"\n<figure class=\"wp-block-gallery has-nested-images columns-default is-cropped wp-block-gallery-1 is-layout-flex wp-block-gallery-is-layout-flex\">\n<figure class=\"wp-block-image size-large\"><img loading=\"lazy\" decoding=\"async\" width=\"724\" height=\"1024\" data-id=\"808\" src=\"https:\/\/www.mancomunidadpantuena.org\/wp-content\/uploads\/2025\/03\/CARTEL-TEATRO-8M-PANTUENA-1-724x1024.png\" alt=\"\" class=\"wp-image-808\" srcset=\"https:\/\/www.mancomunidadpantuena.org\/wp-content\/uploads\/2025\/03\/CARTEL-TEATRO-8M-PANTUENA-1-724x1024.png 724w, https:\/\/www.mancomunidadpantuena.org\/wp-content\/uploads\/2025\/03\/CARTEL-TEATRO-8M-PANTUENA-1-212x300.png 212w, https:\/\/www.mancomunidadpantuena.org\/wp-content\/uploads\/2025\/03\/CARTEL-TEATRO-8M-PANTUENA-1-768x1086.png 768w, https:\/\/www.mancomunidadpantuena.org\/wp-content\/uploads\/2025\/03\/CARTEL-TEATRO-8M-PANTUENA-1-1086x1536.png 1086w, https:\/\/www.mancomunidadpantuena.org\/wp-content\/uploads\/2025\/03\/CARTEL-TEATRO-8M-PANTUENA-1.png 1414w\" sizes=\"auto, (max-width: 724px) 100vw, 724px\" \/><\/figure>\n<\/figure>\n\n\n\n<p>Desde el Punto Municipal del Observatorio Regional de Violencia de G\u00e9nero de la Mancomunidad de Pantue\u00f1a, en su l\u00ednea de Igualdad os presentamos el espect\u00e1culo para toda la familia \u00abObra de teatro: Me alegro tanto de verte\u00bb.<\/p>\n\n\n\n<p>\ud83d\udcc6&nbsp;<strong>S\u00e1bado, 22 de marzo de 2025<\/strong><\/p>\n\n\n\n<p><strong>\u23f0&nbsp;18.00h<\/strong><\/p>\n\n\n\n<p><strong>\ud83d\udccc&nbsp;Auditorio Las Amapolas. P\u00ba de los Pozos, 4. Torres de la Alameda.<\/strong><\/p>\n\n\n\n<p>\u00a1Os esperamos!<\/p>\n\n\n\n<p><\/p>\n","protected":false},"excerpt":{"rendered":"<p>Desde el Punto Municipal del Observatorio Regional de Violencia de G\u00e9nero de la Mancomunidad de Pantue\u00f1a, en su l\u00ednea de Igualdad os presentamos el espect\u00e1culo para toda la familia \u00abObra de teatro: Me alegro tanto de verte\u00bb. \ud83d\udcc6&nbsp;S\u00e1bado, 22 de &hellip; <a href=\"https:\/\/www.mancomunidadpantuena.org\/index.php\/2025\/03\/18\/actos-conmemorativos-dia-de-la-mujer\/\">Sigue leyendo <span class=\"meta-nav\">&rarr;<\/span><\/a><\/p>\n","protected":false},"author":1,"featured_media":808,"comment_status":"closed","ping_status":"closed","sticky":false,"template":"","format":"standard","meta":{"footnotes":""},"categories":[1],"tags":[],"class_list":["post-807","post","type-post","status-publish","format-standard","has-post-thumbnail","hentry","category-sin-categoria"],"_links":{"self":[{"href":"https:\/\/www.mancomunidadpantuena.org\/index.php\/wp-json\/wp\/v2\/posts\/807","targetHints":{"allow":["GET"]}}],"collection":[{"href":"https:\/\/www.mancomunidadpantuena.org\/index.php\/wp-json\/wp\/v2\/posts"}],"about":[{"href":"https:\/\/www.mancomunidadpantuena.org\/index.php\/wp-json\/wp\/v2\/types\/post"}],"author":[{"embeddable":true,"href":"https:\/\/www.mancomunidadpantuena.org\/index.php\/wp-json\/wp\/v2\/users\/1"}],"replies":[{"embeddable":true,"href":"https:\/\/www.mancomunidadpantuena.org\/index.php\/wp-json\/wp\/v2\/comments?post=807"}],"version-history":[{"count":1,"href":"https:\/\/www.mancomunidadpantuena.org\/index.php\/wp-json\/wp\/v2\/posts\/807\/revisions"}],"predecessor-version":[{"id":809,"href":"https:\/\/www.mancomunidadpantuena.org\/index.php\/wp-json\/wp\/v2\/posts\/807\/revisions\/809"}],"wp:featuredmedia":[{"embeddable":true,"href":"https:\/\/www.mancomunidadpantuena.org\/index.php\/wp-json\/wp\/v2\/media\/808"}],"wp:attachment":[{"href":"https:\/\/www.mancomunidadpantuena.org\/index.php\/wp-json\/wp\/v2\/media?parent=807"}],"wp:term":[{"taxonomy":"category","embeddable":true,"href":"https:\/\/www.mancomunidadpantuena.org\/index.php\/wp-json\/wp\/v2\/categories?post=807"},{"taxonomy":"post_tag","embeddable":true,"href":"https:\/\/www.mancomunidadpantuena.org\/index.php\/wp-json\/wp\/v2\/tags?post=807"}],"curies":[{"name":"wp","href":"https:\/\/api.w.org\/{rel}","templated":true}]}}