{"id":798,"date":"2025-02-21T09:57:36","date_gmt":"2025-02-21T09:57:36","guid":{"rendered":"https:\/\/www.mancomunidadpantuena.org\/?p=798"},"modified":"2025-03-20T10:48:34","modified_gmt":"2025-03-20T10:48:34","slug":"cuentacuentos-en-familia-creando-igualdad-3","status":"publish","type":"post","link":"https:\/\/www.mancomunidadpantuena.org\/index.php\/2025\/02\/21\/cuentacuentos-en-familia-creando-igualdad-3\/","title":{"rendered":"Cuentacuentos en familia: Creando igualdad"},"content":{"rendered":"\n<figure class=\"wp-block-image size-large\"><img loading=\"lazy\" decoding=\"async\" width=\"819\" height=\"1024\" src=\"https:\/\/www.mancomunidadpantuena.org\/wp-content\/uploads\/2025\/02\/NUEVO-BAZTAN-819x1024.png\" alt=\"\" class=\"wp-image-799\" srcset=\"https:\/\/www.mancomunidadpantuena.org\/wp-content\/uploads\/2025\/02\/NUEVO-BAZTAN-819x1024.png 819w, https:\/\/www.mancomunidadpantuena.org\/wp-content\/uploads\/2025\/02\/NUEVO-BAZTAN-240x300.png 240w, https:\/\/www.mancomunidadpantuena.org\/wp-content\/uploads\/2025\/02\/NUEVO-BAZTAN-768x960.png 768w, https:\/\/www.mancomunidadpantuena.org\/wp-content\/uploads\/2025\/02\/NUEVO-BAZTAN.png 1080w\" sizes=\"auto, (max-width: 819px) 100vw, 819px\" \/><\/figure>\n\n\n\n<p>Desde el Punto Municipal del Observatorio Regional del Violencia de G\u00e9nero de la Mancomunidad Pantue\u00f1a, en su l\u00ednea de promoci\u00f3n de la igualdad de oportunidades entre mujeres y hombres, actividad cofinanciada al 40% por parte del Fondo Social Europeo Plus (FSE+) en el marco del programa operativo de la Comunidad de Madrid 2021-2027, os invitamos a la actividad de Cuentacuentos en Familia que se va a realizar el d\u00eda 6 de marzo en el municipio de Nuevo Bazt\u00e1n.<\/p>\n\n\n\n<p><img alt=\"\ud83d\udce3\" width=\"72\" height=\"72\">&nbsp;&nbsp;<strong>Cuentacuentos en Familia: Creando Igualdad<\/strong><\/p>\n\n\n\n<p><img alt=\"\ud83d\udccc\" width=\"72\" height=\"72\">&nbsp;&nbsp;<strong>La Carraca. Casa de la Cultura Valmores. Avda. Manchester, s\/n. Nuevo Bazt\u00e1n<\/strong><\/p>\n\n\n\n<p><img alt=\"\ud83d\udcc6\" width=\"72\" height=\"72\">&nbsp;&nbsp;<strong>Jueves, 6 de marzo de 2025 a las 17.15 horas<\/strong><\/p>\n\n\n\n<p>Os esperamos!!!!!<\/p>\n\n\n\n<figure class=\"wp-block-image size-large\"><img loading=\"lazy\" decoding=\"async\" width=\"819\" height=\"1024\" src=\"https:\/\/www.mancomunidadpantuena.org\/wp-content\/uploads\/2025\/02\/TORRES-DE-LA-ALAMEDA-819x1024.png\" alt=\"\" class=\"wp-image-801\" srcset=\"https:\/\/www.mancomunidadpantuena.org\/wp-content\/uploads\/2025\/02\/TORRES-DE-LA-ALAMEDA-819x1024.png 819w, https:\/\/www.mancomunidadpantuena.org\/wp-content\/uploads\/2025\/02\/TORRES-DE-LA-ALAMEDA-240x300.png 240w, https:\/\/www.mancomunidadpantuena.org\/wp-content\/uploads\/2025\/02\/TORRES-DE-LA-ALAMEDA-768x960.png 768w, https:\/\/www.mancomunidadpantuena.org\/wp-content\/uploads\/2025\/02\/TORRES-DE-LA-ALAMEDA.png 1080w\" sizes=\"auto, (max-width: 819px) 100vw, 819px\" \/><\/figure>\n\n\n\n<p><img alt=\"\ud83d\udce3\" width=\"72\" height=\"72\">&nbsp;&nbsp;<strong>Cuentacuentos en Familia: Creando Igualdad<\/strong><\/p>\n\n\n\n<p><img alt=\"\ud83d\udccc\" width=\"72\" height=\"72\">&nbsp;&nbsp;<strong>Recinto Ferial. Torres de la Alameda<\/strong><\/p>\n\n\n\n<p><img alt=\"\ud83d\udcc6\" width=\"72\" height=\"72\">&nbsp;&nbsp;<strong>Jueves,&nbsp;<\/strong><strong>7<\/strong><strong>&nbsp;de marzo de 2025 a las 17.<\/strong><strong>00<\/strong><strong>&nbsp;horas<\/strong><\/p>\n\n\n\n<figure class=\"wp-block-image size-large\"><img loading=\"lazy\" decoding=\"async\" width=\"819\" height=\"1024\" src=\"https:\/\/www.mancomunidadpantuena.org\/wp-content\/uploads\/2025\/02\/PEZUELA-CUENTACUENTOS-A3-819x1024.png\" alt=\"\" class=\"wp-image-804\" srcset=\"https:\/\/www.mancomunidadpantuena.org\/wp-content\/uploads\/2025\/02\/PEZUELA-CUENTACUENTOS-A3-819x1024.png 819w, https:\/\/www.mancomunidadpantuena.org\/wp-content\/uploads\/2025\/02\/PEZUELA-CUENTACUENTOS-A3-240x300.png 240w, https:\/\/www.mancomunidadpantuena.org\/wp-content\/uploads\/2025\/02\/PEZUELA-CUENTACUENTOS-A3-768x960.png 768w, https:\/\/www.mancomunidadpantuena.org\/wp-content\/uploads\/2025\/02\/PEZUELA-CUENTACUENTOS-A3.png 1080w\" sizes=\"auto, (max-width: 819px) 100vw, 819px\" \/><\/figure>\n\n\n\n<p><img alt=\"\ud83d\udce3\" width=\"72\" height=\"72\">&nbsp;&nbsp;<strong>Cuentacuentos en Familia: Creando Igualdad<\/strong><\/p>\n\n\n\n<p><img alt=\"\ud83d\udccc\" width=\"72\" height=\"72\">&nbsp;&nbsp;<strong>C.C. La Posada.&nbsp;<\/strong><strong>C\/ de Sergio Caballero, 16<\/strong><strong>(Pezuela de las Torres)<\/strong><\/p>\n\n\n\n<p><img alt=\"\ud83d\udcc6\" width=\"72\" height=\"72\">&nbsp;&nbsp;<strong>Mi\u00e9rcoles<\/strong><strong>,&nbsp;<\/strong><strong>12<\/strong><strong>&nbsp;de marzo de 2025 a las 17.<\/strong><strong>30<\/strong><strong>&nbsp;horas<\/strong><\/p>\n\n\n\n<figure class=\"wp-block-image size-large\"><img loading=\"lazy\" decoding=\"async\" width=\"819\" height=\"1024\" src=\"https:\/\/www.mancomunidadpantuena.org\/wp-content\/uploads\/2025\/02\/VALVERDE-819x1024.png\" alt=\"\" class=\"wp-image-816\" srcset=\"https:\/\/www.mancomunidadpantuena.org\/wp-content\/uploads\/2025\/02\/VALVERDE-819x1024.png 819w, https:\/\/www.mancomunidadpantuena.org\/wp-content\/uploads\/2025\/02\/VALVERDE-240x300.png 240w, https:\/\/www.mancomunidadpantuena.org\/wp-content\/uploads\/2025\/02\/VALVERDE-768x960.png 768w, https:\/\/www.mancomunidadpantuena.org\/wp-content\/uploads\/2025\/02\/VALVERDE.png 1080w\" sizes=\"auto, (max-width: 819px) 100vw, 819px\" \/><\/figure>\n\n\n\n<p><img width=\"72\" height=\"72\" alt=\"\ud83d\udce3\">\u00a0\u00a0<strong>Cuentacuentos en Familia: Creando Igualdad<\/strong><\/p>\n\n\n\n<p><img alt=\"\ud83d\udccc\" width=\"72\" height=\"72\">&nbsp;&nbsp;<strong>Nave del Front\u00f3n. Valverde de Alcal\u00e1<\/strong><\/p>\n\n\n\n<p><img alt=\"\ud83d\udcc6\" width=\"72\" height=\"72\">&nbsp;&nbsp;<strong>Mi\u00e9rcoles<\/strong><strong>,&nbsp;<\/strong><strong>27<\/strong><strong>&nbsp;de marzo de 2025 a las 17.<\/strong><strong>30<\/strong><strong>&nbsp;horas<\/strong><\/p>\n","protected":false},"excerpt":{"rendered":"<p>Desde el Punto Municipal del Observatorio Regional del Violencia de G\u00e9nero de la Mancomunidad Pantue\u00f1a, en su l\u00ednea de promoci\u00f3n de la igualdad de oportunidades entre mujeres y hombres, actividad cofinanciada al 40% por parte del Fondo Social Europeo Plus &hellip; <a href=\"https:\/\/www.mancomunidadpantuena.org\/index.php\/2025\/02\/21\/cuentacuentos-en-familia-creando-igualdad-3\/\">Sigue leyendo <span class=\"meta-nav\">&rarr;<\/span><\/a><\/p>\n","protected":false},"author":1,"featured_media":0,"comment_status":"closed","ping_status":"closed","sticky":false,"template":"","format":"standard","meta":{"footnotes":""},"categories":[1],"tags":[],"class_list":["post-798","post","type-post","status-publish","format-standard","hentry","category-sin-categoria"],"_links":{"self":[{"href":"https:\/\/www.mancomunidadpantuena.org\/index.php\/wp-json\/wp\/v2\/posts\/798","targetHints":{"allow":["GET"]}}],"collection":[{"href":"https:\/\/www.mancomunidadpantuena.org\/index.php\/wp-json\/wp\/v2\/posts"}],"about":[{"href":"https:\/\/www.mancomunidadpantuena.org\/index.php\/wp-json\/wp\/v2\/types\/post"}],"author":[{"embeddable":true,"href":"https:\/\/www.mancomunidadpantuena.org\/index.php\/wp-json\/wp\/v2\/users\/1"}],"replies":[{"embeddable":true,"href":"https:\/\/www.mancomunidadpantuena.org\/index.php\/wp-json\/wp\/v2\/comments?post=798"}],"version-history":[{"count":4,"href":"https:\/\/www.mancomunidadpantuena.org\/index.php\/wp-json\/wp\/v2\/posts\/798\/revisions"}],"predecessor-version":[{"id":817,"href":"https:\/\/www.mancomunidadpantuena.org\/index.php\/wp-json\/wp\/v2\/posts\/798\/revisions\/817"}],"wp:attachment":[{"href":"https:\/\/www.mancomunidadpantuena.org\/index.php\/wp-json\/wp\/v2\/media?parent=798"}],"wp:term":[{"taxonomy":"category","embeddable":true,"href":"https:\/\/www.mancomunidadpantuena.org\/index.php\/wp-json\/wp\/v2\/categories?post=798"},{"taxonomy":"post_tag","embeddable":true,"href":"https:\/\/www.mancomunidadpantuena.org\/index.php\/wp-json\/wp\/v2\/tags?post=798"}],"curies":[{"name":"wp","href":"https:\/\/api.w.org\/{rel}","templated":true}]}}