{"id":744,"date":"2024-11-22T12:18:53","date_gmt":"2024-11-22T12:18:53","guid":{"rendered":"https:\/\/www.mancomunidadpantuena.org\/?p=744"},"modified":"2024-11-22T12:18:53","modified_gmt":"2024-11-22T12:18:53","slug":"paremos-lo-que-no-se-ve","status":"publish","type":"post","link":"https:\/\/www.mancomunidadpantuena.org\/index.php\/2024\/11\/22\/paremos-lo-que-no-se-ve\/","title":{"rendered":"#Paremos Lo Que No Se Ve"},"content":{"rendered":"\n<figure class=\"wp-block-image size-large\"><img loading=\"lazy\" decoding=\"async\" width=\"724\" height=\"1024\" src=\"https:\/\/www.mancomunidadpantuena.org\/wp-content\/uploads\/2024\/11\/paremosloquenoseve-Poster-a-doble-cara-A3-vertical-724x1024.png\" alt=\"\" class=\"wp-image-745\" srcset=\"https:\/\/www.mancomunidadpantuena.org\/wp-content\/uploads\/2024\/11\/paremosloquenoseve-Poster-a-doble-cara-A3-vertical-724x1024.png 724w, https:\/\/www.mancomunidadpantuena.org\/wp-content\/uploads\/2024\/11\/paremosloquenoseve-Poster-a-doble-cara-A3-vertical-212x300.png 212w, https:\/\/www.mancomunidadpantuena.org\/wp-content\/uploads\/2024\/11\/paremosloquenoseve-Poster-a-doble-cara-A3-vertical-768x1086.png 768w, https:\/\/www.mancomunidadpantuena.org\/wp-content\/uploads\/2024\/11\/paremosloquenoseve-Poster-a-doble-cara-A3-vertical-1086x1536.png 1086w, https:\/\/www.mancomunidadpantuena.org\/wp-content\/uploads\/2024\/11\/paremosloquenoseve-Poster-a-doble-cara-A3-vertical.png 1414w\" sizes=\"auto, (max-width: 724px) 100vw, 724px\" \/><\/figure>\n\n\n\n<p>Desde el Punto Municipal del Observatorio&nbsp;Regional de Violencia de G\u00e9nero de la Mancomunidad de Pantue\u00f1a os informamos que se ha puesto en marcha del 20 al 27 de noviembre una campa\u00f1a (<strong>#paremosloquenoseve<\/strong>) divulgativa y de prevenci\u00f3n digital que se centrar\u00e1 en proporcionar&nbsp;informaci\u00f3n y material sobre violencia de g\u00e9nero en su forma digital.<\/p>\n\n\n\n<p>\ud83d\udcc6&nbsp;<strong>20 al 27 de noviembre<\/strong><\/p>\n\n\n\n<p><\/p>\n\n\n\n<p><\/p>\n\n\n\n<p><\/p>\n","protected":false},"excerpt":{"rendered":"<p>Desde el Punto Municipal del Observatorio&nbsp;Regional de Violencia de G\u00e9nero de la Mancomunidad de Pantue\u00f1a os informamos que se ha puesto en marcha del 20 al 27 de noviembre una campa\u00f1a (#paremosloquenoseve) divulgativa y de prevenci\u00f3n digital que se centrar\u00e1 &hellip; <a href=\"https:\/\/www.mancomunidadpantuena.org\/index.php\/2024\/11\/22\/paremos-lo-que-no-se-ve\/\">Sigue leyendo <span class=\"meta-nav\">&rarr;<\/span><\/a><\/p>\n","protected":false},"author":1,"featured_media":745,"comment_status":"closed","ping_status":"closed","sticky":false,"template":"","format":"standard","meta":{"footnotes":""},"categories":[1],"tags":[],"class_list":["post-744","post","type-post","status-publish","format-standard","has-post-thumbnail","hentry","category-sin-categoria"],"_links":{"self":[{"href":"https:\/\/www.mancomunidadpantuena.org\/index.php\/wp-json\/wp\/v2\/posts\/744","targetHints":{"allow":["GET"]}}],"collection":[{"href":"https:\/\/www.mancomunidadpantuena.org\/index.php\/wp-json\/wp\/v2\/posts"}],"about":[{"href":"https:\/\/www.mancomunidadpantuena.org\/index.php\/wp-json\/wp\/v2\/types\/post"}],"author":[{"embeddable":true,"href":"https:\/\/www.mancomunidadpantuena.org\/index.php\/wp-json\/wp\/v2\/users\/1"}],"replies":[{"embeddable":true,"href":"https:\/\/www.mancomunidadpantuena.org\/index.php\/wp-json\/wp\/v2\/comments?post=744"}],"version-history":[{"count":2,"href":"https:\/\/www.mancomunidadpantuena.org\/index.php\/wp-json\/wp\/v2\/posts\/744\/revisions"}],"predecessor-version":[{"id":747,"href":"https:\/\/www.mancomunidadpantuena.org\/index.php\/wp-json\/wp\/v2\/posts\/744\/revisions\/747"}],"wp:featuredmedia":[{"embeddable":true,"href":"https:\/\/www.mancomunidadpantuena.org\/index.php\/wp-json\/wp\/v2\/media\/745"}],"wp:attachment":[{"href":"https:\/\/www.mancomunidadpantuena.org\/index.php\/wp-json\/wp\/v2\/media?parent=744"}],"wp:term":[{"taxonomy":"category","embeddable":true,"href":"https:\/\/www.mancomunidadpantuena.org\/index.php\/wp-json\/wp\/v2\/categories?post=744"},{"taxonomy":"post_tag","embeddable":true,"href":"https:\/\/www.mancomunidadpantuena.org\/index.php\/wp-json\/wp\/v2\/tags?post=744"}],"curies":[{"name":"wp","href":"https:\/\/api.w.org\/{rel}","templated":true}]}}