{"id":741,"date":"2024-11-12T08:45:17","date_gmt":"2024-11-12T08:45:17","guid":{"rendered":"https:\/\/www.mancomunidadpantuena.org\/?p=741"},"modified":"2025-02-21T09:55:33","modified_gmt":"2025-02-21T09:55:33","slug":"alas-para-volar-arte-y-vida-de-frida-kahlo","status":"publish","type":"post","link":"https:\/\/www.mancomunidadpantuena.org\/index.php\/2024\/11\/12\/alas-para-volar-arte-y-vida-de-frida-kahlo\/","title":{"rendered":"Alas Para Volar. Arte y Vida de Frida Kahlo"},"content":{"rendered":"\n<figure class=\"wp-block-image size-large\"><img loading=\"lazy\" decoding=\"async\" width=\"724\" height=\"1024\" src=\"https:\/\/www.mancomunidadpantuena.org\/wp-content\/uploads\/2024\/11\/ALAS-PARA-VOLAR-2_page-0001-724x1024.jpg\" alt=\"\" class=\"wp-image-742\" srcset=\"https:\/\/www.mancomunidadpantuena.org\/wp-content\/uploads\/2024\/11\/ALAS-PARA-VOLAR-2_page-0001-724x1024.jpg 724w, https:\/\/www.mancomunidadpantuena.org\/wp-content\/uploads\/2024\/11\/ALAS-PARA-VOLAR-2_page-0001-212x300.jpg 212w, https:\/\/www.mancomunidadpantuena.org\/wp-content\/uploads\/2024\/11\/ALAS-PARA-VOLAR-2_page-0001-768x1086.jpg 768w, https:\/\/www.mancomunidadpantuena.org\/wp-content\/uploads\/2024\/11\/ALAS-PARA-VOLAR-2_page-0001-1086x1536.jpg 1086w, https:\/\/www.mancomunidadpantuena.org\/wp-content\/uploads\/2024\/11\/ALAS-PARA-VOLAR-2_page-0001.jpg 1241w\" sizes=\"auto, (max-width: 724px) 100vw, 724px\" \/><\/figure>\n\n\n\n<p>Buenos d\u00edas:<\/p>\n\n\n\n<p>Desde el Punto Municipal del Observatorio Regional de Violencia de G\u00e9nero de la Mancomunidad de Pantue\u00f1a, en su l\u00ednea de Igualdad os presentamos el espect\u00e1culo para toda la familia \u00abAlas Para Volar. Arte y Vida de Frida Kahlo\u00bb.<\/p>\n\n\n\n<p>\ud83d\udcc6&nbsp;<strong>S\u00e1bado, 23 de noviembre de 2024<\/strong><\/p>\n\n\n\n<p><strong>\u23f0&nbsp;18.00h<\/strong><\/p>\n\n\n\n<p><strong>\ud83d\udccc&nbsp;Auditorio Las Amapolas. Torres de la Alameda.<\/strong><\/p>\n\n\n\n<p>\u00a1Os esperamos!<\/p>\n\n\n\n<p><\/p>\n","protected":false},"excerpt":{"rendered":"<p>Buenos d\u00edas: Desde el Punto Municipal del Observatorio Regional de Violencia de G\u00e9nero de la Mancomunidad de Pantue\u00f1a, en su l\u00ednea de Igualdad os presentamos el espect\u00e1culo para toda la familia \u00abAlas Para Volar. Arte y Vida de Frida Kahlo\u00bb. &hellip; <a href=\"https:\/\/www.mancomunidadpantuena.org\/index.php\/2024\/11\/12\/alas-para-volar-arte-y-vida-de-frida-kahlo\/\">Sigue leyendo <span class=\"meta-nav\">&rarr;<\/span><\/a><\/p>\n","protected":false},"author":1,"featured_media":742,"comment_status":"closed","ping_status":"closed","sticky":false,"template":"","format":"standard","meta":{"footnotes":""},"categories":[1],"tags":[],"class_list":["post-741","post","type-post","status-publish","format-standard","has-post-thumbnail","hentry","category-sin-categoria"],"_links":{"self":[{"href":"https:\/\/www.mancomunidadpantuena.org\/index.php\/wp-json\/wp\/v2\/posts\/741","targetHints":{"allow":["GET"]}}],"collection":[{"href":"https:\/\/www.mancomunidadpantuena.org\/index.php\/wp-json\/wp\/v2\/posts"}],"about":[{"href":"https:\/\/www.mancomunidadpantuena.org\/index.php\/wp-json\/wp\/v2\/types\/post"}],"author":[{"embeddable":true,"href":"https:\/\/www.mancomunidadpantuena.org\/index.php\/wp-json\/wp\/v2\/users\/1"}],"replies":[{"embeddable":true,"href":"https:\/\/www.mancomunidadpantuena.org\/index.php\/wp-json\/wp\/v2\/comments?post=741"}],"version-history":[{"count":2,"href":"https:\/\/www.mancomunidadpantuena.org\/index.php\/wp-json\/wp\/v2\/posts\/741\/revisions"}],"predecessor-version":[{"id":797,"href":"https:\/\/www.mancomunidadpantuena.org\/index.php\/wp-json\/wp\/v2\/posts\/741\/revisions\/797"}],"wp:featuredmedia":[{"embeddable":true,"href":"https:\/\/www.mancomunidadpantuena.org\/index.php\/wp-json\/wp\/v2\/media\/742"}],"wp:attachment":[{"href":"https:\/\/www.mancomunidadpantuena.org\/index.php\/wp-json\/wp\/v2\/media?parent=741"}],"wp:term":[{"taxonomy":"category","embeddable":true,"href":"https:\/\/www.mancomunidadpantuena.org\/index.php\/wp-json\/wp\/v2\/categories?post=741"},{"taxonomy":"post_tag","embeddable":true,"href":"https:\/\/www.mancomunidadpantuena.org\/index.php\/wp-json\/wp\/v2\/tags?post=741"}],"curies":[{"name":"wp","href":"https:\/\/api.w.org\/{rel}","templated":true}]}}