{"id":729,"date":"2024-10-25T08:45:04","date_gmt":"2024-10-25T08:45:04","guid":{"rendered":"https:\/\/www.mancomunidadpantuena.org\/?p=729"},"modified":"2024-10-28T11:35:23","modified_gmt":"2024-10-28T11:35:23","slug":"jornadas-de-formacion-25n-ciberviolencia-violencia-de-genero-en-entornos-digitales","status":"publish","type":"post","link":"https:\/\/www.mancomunidadpantuena.org\/index.php\/2024\/10\/25\/jornadas-de-formacion-25n-ciberviolencia-violencia-de-genero-en-entornos-digitales\/","title":{"rendered":"Jornadas de Formaci\u00f3n 25N. Ciberviolencia. Violencia de G\u00e9nero en Entornos Digitales."},"content":{"rendered":"\n<figure class=\"wp-block-image size-large\"><img loading=\"lazy\" decoding=\"async\" width=\"724\" height=\"1024\" src=\"https:\/\/www.mancomunidadpantuena.org\/wp-content\/uploads\/2024\/10\/CARTEL-A4-JORNADAS-DEFINITIVO--724x1024.png\" alt=\"\" class=\"wp-image-730\" srcset=\"https:\/\/www.mancomunidadpantuena.org\/wp-content\/uploads\/2024\/10\/CARTEL-A4-JORNADAS-DEFINITIVO--724x1024.png 724w, https:\/\/www.mancomunidadpantuena.org\/wp-content\/uploads\/2024\/10\/CARTEL-A4-JORNADAS-DEFINITIVO--212x300.png 212w, https:\/\/www.mancomunidadpantuena.org\/wp-content\/uploads\/2024\/10\/CARTEL-A4-JORNADAS-DEFINITIVO--768x1086.png 768w, https:\/\/www.mancomunidadpantuena.org\/wp-content\/uploads\/2024\/10\/CARTEL-A4-JORNADAS-DEFINITIVO--1086x1536.png 1086w, https:\/\/www.mancomunidadpantuena.org\/wp-content\/uploads\/2024\/10\/CARTEL-A4-JORNADAS-DEFINITIVO-.png 1414w\" sizes=\"auto, (max-width: 724px) 100vw, 724px\" \/><\/figure>\n\n\n\n<p>Jornadas Formaci\u00f3n 25 N<br>CIBERVIOLENCIA: Violencia de G\u00e9nero en entornos digitales.<\/p>\n\n\n\n<p>Desde el Punto De Violencia&nbsp;de G\u00e9nero de la Mancomunidad de Pantue\u00f1a, queremos recordaros las Jornadas de Formaci\u00f3n para Profesionales que se realizaran&nbsp;el 6 de Noviembre.&nbsp;<\/p>\n\n\n\n<p>\ud83d\udce3&nbsp;<strong>Ciberviolencia: Violencia de G\u00e9nero en Entornos Digitales.<\/strong><\/p>\n\n\n\n<p>Asociaci\u00f3n Stop Violencia Digital<\/p>\n\n\n\n<p>\ud83d\udcc6&nbsp;<strong>Fecha: Mi\u00e9rcoles 6 de Noviembre de 9.00 a 14.00 horas<\/strong><\/p>\n\n\n\n<p><strong>\ud83d\udccc&nbsp;Lugar: Ayuntamiento de Torres de la Alameda. Sala de Formaci\u00f3n.<\/strong><\/p>\n\n\n\n<p><strong>Plaza del Sol, 16. 28813 Torres de la Alameda<\/strong><\/p>\n\n\n\n<p><strong>\ud83d\udc49\ud83d\udc49&nbsp;Inscripciones:&nbsp;<\/strong><a href=\"https:\/\/docs.google.com\/forms\/d\/e\/1FAIpQLSfDwEcz-GkMQ7VyKdp9XdW5M1xQaKhrlpGlmdPF7AzlR6fbnA\/viewform\" target=\"_blank\" rel=\"noreferrer noopener\">https:\/\/docs.google.com\/forms\/d\/e\/1FAIpQLSfDwEcz-GkMQ7VyKdp9XdW5M1xQaKhrlpGlmdPF7AzlR6fbnA\/viewform<\/a><\/p>\n\n\n\n<p><\/p>\n","protected":false},"excerpt":{"rendered":"<p>Jornadas Formaci\u00f3n 25 NCIBERVIOLENCIA: Violencia de G\u00e9nero en entornos digitales. Desde el Punto De Violencia&nbsp;de G\u00e9nero de la Mancomunidad de Pantue\u00f1a, queremos recordaros las Jornadas de Formaci\u00f3n para Profesionales que se realizaran&nbsp;el 6 de Noviembre.&nbsp; \ud83d\udce3&nbsp;Ciberviolencia: Violencia de G\u00e9nero en &hellip; <a href=\"https:\/\/www.mancomunidadpantuena.org\/index.php\/2024\/10\/25\/jornadas-de-formacion-25n-ciberviolencia-violencia-de-genero-en-entornos-digitales\/\">Sigue leyendo <span class=\"meta-nav\">&rarr;<\/span><\/a><\/p>\n","protected":false},"author":1,"featured_media":730,"comment_status":"closed","ping_status":"closed","sticky":false,"template":"","format":"standard","meta":{"footnotes":""},"categories":[1],"tags":[],"class_list":["post-729","post","type-post","status-publish","format-standard","has-post-thumbnail","hentry","category-sin-categoria"],"_links":{"self":[{"href":"https:\/\/www.mancomunidadpantuena.org\/index.php\/wp-json\/wp\/v2\/posts\/729","targetHints":{"allow":["GET"]}}],"collection":[{"href":"https:\/\/www.mancomunidadpantuena.org\/index.php\/wp-json\/wp\/v2\/posts"}],"about":[{"href":"https:\/\/www.mancomunidadpantuena.org\/index.php\/wp-json\/wp\/v2\/types\/post"}],"author":[{"embeddable":true,"href":"https:\/\/www.mancomunidadpantuena.org\/index.php\/wp-json\/wp\/v2\/users\/1"}],"replies":[{"embeddable":true,"href":"https:\/\/www.mancomunidadpantuena.org\/index.php\/wp-json\/wp\/v2\/comments?post=729"}],"version-history":[{"count":2,"href":"https:\/\/www.mancomunidadpantuena.org\/index.php\/wp-json\/wp\/v2\/posts\/729\/revisions"}],"predecessor-version":[{"id":732,"href":"https:\/\/www.mancomunidadpantuena.org\/index.php\/wp-json\/wp\/v2\/posts\/729\/revisions\/732"}],"wp:featuredmedia":[{"embeddable":true,"href":"https:\/\/www.mancomunidadpantuena.org\/index.php\/wp-json\/wp\/v2\/media\/730"}],"wp:attachment":[{"href":"https:\/\/www.mancomunidadpantuena.org\/index.php\/wp-json\/wp\/v2\/media?parent=729"}],"wp:term":[{"taxonomy":"category","embeddable":true,"href":"https:\/\/www.mancomunidadpantuena.org\/index.php\/wp-json\/wp\/v2\/categories?post=729"},{"taxonomy":"post_tag","embeddable":true,"href":"https:\/\/www.mancomunidadpantuena.org\/index.php\/wp-json\/wp\/v2\/tags?post=729"}],"curies":[{"name":"wp","href":"https:\/\/api.w.org\/{rel}","templated":true}]}}