{"id":540,"date":"2023-04-26T10:24:36","date_gmt":"2023-04-26T10:24:36","guid":{"rendered":"https:\/\/www.mancomunidadpantuena.org\/?p=540"},"modified":"2023-04-26T10:24:37","modified_gmt":"2023-04-26T10:24:37","slug":"gestion-de-la-ansiedad-miedo-y-culpa","status":"publish","type":"post","link":"https:\/\/www.mancomunidadpantuena.org\/index.php\/2023\/04\/26\/gestion-de-la-ansiedad-miedo-y-culpa\/","title":{"rendered":"Gesti\u00f3n de la ansiedad (miedo y culpa)"},"content":{"rendered":"\n<p>Desde el Punto municipal del observatorio regional de violencia de g\u00e9nero de la Mancomunidad de Pantue\u00f1a, en su l\u00ednea de actividades de prevenci\u00f3n y sensibilizaci\u00f3n continuamos \u00a0con el ciclo de talleres complementarios os presentamos el taller<strong>\u00a0\u00a0Gesti\u00f3n de la ansiedad (miedo y culpa)<\/strong>\u00a0para vosotras.\u00a0 \u00a0A trav\u00e9s de estas herramientas, aprenderemos a identificar y gestionar la ansiedad, el miedo y la culpa que se derivan de la ansiedad.<\/p>\n\n\n\n<ul class=\"wp-block-list\">\n<li><strong>&nbsp;Nuevo Bazt\u00e1n<\/strong>&nbsp;:<strong>&nbsp;Martes 09 de mayo a las 16:30<\/strong>&nbsp; en el Centro Cultural Valmores C. Rda. de Manchester, 133.<\/li>\n\n\n\n<li><strong>Valverde de Alcal\u00e1&nbsp;<\/strong>&nbsp;<strong>Jueves 11 de mayo a las&nbsp;16:30<\/strong>&nbsp;en&nbsp; en&nbsp;el Espacio Joven Pl. Mayor, 1.<\/li>\n<\/ul>\n\n\n\n<p>Imprescindible&nbsp;Inscribirse en este enlace<strong><a href=\"https:\/\/www.encuestafacil.com\/respweb\/cuestionarios.aspx?EID=2881133\" target=\"_blank\" rel=\"noreferrer noopener\">https:\/\/www.encuestafacil.com\/respweb\/cuestionarios.aspx?EID=2881133<\/a><\/strong><\/p>\n","protected":false},"excerpt":{"rendered":"<p>Desde el Punto municipal del observatorio regional de violencia de g\u00e9nero de la Mancomunidad de Pantue\u00f1a, en su l\u00ednea de actividades de prevenci\u00f3n y sensibilizaci\u00f3n continuamos \u00a0con el ciclo de talleres complementarios os presentamos el taller\u00a0\u00a0Gesti\u00f3n de la ansiedad (miedo &hellip; <a href=\"https:\/\/www.mancomunidadpantuena.org\/index.php\/2023\/04\/26\/gestion-de-la-ansiedad-miedo-y-culpa\/\">Sigue leyendo <span class=\"meta-nav\">&rarr;<\/span><\/a><\/p>\n","protected":false},"author":1,"featured_media":541,"comment_status":"closed","ping_status":"closed","sticky":false,"template":"","format":"standard","meta":{"footnotes":""},"categories":[1],"tags":[],"class_list":["post-540","post","type-post","status-publish","format-standard","has-post-thumbnail","hentry","category-sin-categoria"],"_links":{"self":[{"href":"https:\/\/www.mancomunidadpantuena.org\/index.php\/wp-json\/wp\/v2\/posts\/540","targetHints":{"allow":["GET"]}}],"collection":[{"href":"https:\/\/www.mancomunidadpantuena.org\/index.php\/wp-json\/wp\/v2\/posts"}],"about":[{"href":"https:\/\/www.mancomunidadpantuena.org\/index.php\/wp-json\/wp\/v2\/types\/post"}],"author":[{"embeddable":true,"href":"https:\/\/www.mancomunidadpantuena.org\/index.php\/wp-json\/wp\/v2\/users\/1"}],"replies":[{"embeddable":true,"href":"https:\/\/www.mancomunidadpantuena.org\/index.php\/wp-json\/wp\/v2\/comments?post=540"}],"version-history":[{"count":1,"href":"https:\/\/www.mancomunidadpantuena.org\/index.php\/wp-json\/wp\/v2\/posts\/540\/revisions"}],"predecessor-version":[{"id":542,"href":"https:\/\/www.mancomunidadpantuena.org\/index.php\/wp-json\/wp\/v2\/posts\/540\/revisions\/542"}],"wp:featuredmedia":[{"embeddable":true,"href":"https:\/\/www.mancomunidadpantuena.org\/index.php\/wp-json\/wp\/v2\/media\/541"}],"wp:attachment":[{"href":"https:\/\/www.mancomunidadpantuena.org\/index.php\/wp-json\/wp\/v2\/media?parent=540"}],"wp:term":[{"taxonomy":"category","embeddable":true,"href":"https:\/\/www.mancomunidadpantuena.org\/index.php\/wp-json\/wp\/v2\/categories?post=540"},{"taxonomy":"post_tag","embeddable":true,"href":"https:\/\/www.mancomunidadpantuena.org\/index.php\/wp-json\/wp\/v2\/tags?post=540"}],"curies":[{"name":"wp","href":"https:\/\/api.w.org\/{rel}","templated":true}]}}