{"id":1117,"date":"2026-04-30T08:29:09","date_gmt":"2026-04-30T08:29:09","guid":{"rendered":"https:\/\/www.mancomunidadpantuena.org\/?p=1117"},"modified":"2026-04-30T12:12:40","modified_gmt":"2026-04-30T12:12:40","slug":"actividades-realizadas-en-la-ii-semana-de-la-sensibilizacion-desde-el-programa-de-soledad-no-deseada-de-la-mancomunidad-de-servicios-sociales-pantuena","status":"publish","type":"post","link":"https:\/\/www.mancomunidadpantuena.org\/index.php\/2026\/04\/30\/actividades-realizadas-en-la-ii-semana-de-la-sensibilizacion-desde-el-programa-de-soledad-no-deseada-de-la-mancomunidad-de-servicios-sociales-pantuena\/","title":{"rendered":"Actividades realizadas en la II Semana de la sensibilizaci\u00f3n desde el programa de soledad no deseada de la Mancomunidad de Servicios Sociales Pantue\u00f1a"},"content":{"rendered":"\n<figure class=\"wp-block-image size-full is-resized\"><img loading=\"lazy\" decoding=\"async\" width=\"387\" height=\"511\" src=\"https:\/\/www.mancomunidadpantuena.org\/wp-content\/uploads\/2026\/04\/actividades.png\" alt=\"\" class=\"wp-image-1118\" style=\"aspect-ratio:0.7641305689250895;width:581px;height:auto\" srcset=\"https:\/\/www.mancomunidadpantuena.org\/wp-content\/uploads\/2026\/04\/actividades.png 387w, https:\/\/www.mancomunidadpantuena.org\/wp-content\/uploads\/2026\/04\/actividades-227x300.png 227w\" sizes=\"auto, (max-width: 387px) 100vw, 387px\" \/><\/figure>\n\n\n\n<p><br><strong>\u00abII SEMANA DE LA SENSIBILIZACI\u00d3N\u00bb COMPARTIENDO M\u00c1S ALL\u00c1 DEL TIEMPO<\/strong><\/p>\n\n\n\n<p><br>Desde el Proyecto Soledad No Deseada de la Mancomunidad de Servicios Sociales Pantue\u00f1a y en el marco de las acciones orientadas a la promoci\u00f3n del bienestar emocional y social, se ha desarrollado una iniciativa cuyo objetivo principal es favorecer la creaci\u00f3n de espacios de encuentro significativos. Esta propuesta busca impulsar relaciones basadas en el reconocimiento mutuo, el intercambio de experiencias y la generaci\u00f3n de v\u00ednculos sociales.<\/p>\n\n\n\n<p>El hilo conductor de este encuentro ha sido el juego, entendido como una herramienta de mediaci\u00f3n social y un recurso facilitador de la comunicaci\u00f3n intergeneracional. A trav\u00e9s de diversas din\u00e1micas l\u00fadicas (trueque, rana, chapas o aros), se ha propiciado un ambiente cercano, participativo y enriquecedor, en el que han tenido cabida tanto la expresi\u00f3n emocional como el aprendizaje compartido.<\/p>\n\n\n\n<p>La actividad ha contado con la participaci\u00f3n de personas mayores del municipio de Torres de la alameda, integradas en el programa de atenci\u00f3n a la soledad no deseada, as\u00ed como del alumnado de 1\u00ba de Educaci\u00f3n Primaria del CEIP Nuestra Se\u00f1ora del Rosario, en Torres de la Alameda. Durante la jornada, se gener\u00f3 un espacio de convivencia en el que mayores y ni\u00f1os pudieron compartir experiencias, recuerdos y vivencias, fortaleciendo los lazos entre generaciones.<\/p>\n\n\n\n<p>El encuentro se desarroll\u00f3 en un ambiente distendido y agradable, dejando como resultado una ma\u00f1ana cargada de emociones, aprendizajes y momentos significativos para todas las personas participantes. Este tipo de iniciativas pone de manifiesto el valor del intercambio intergeneracional como herramienta clave para fomentar una sociedad m\u00e1s cohesionada, inclusiva y solidaria.<\/p>\n\n\n\n<p>\ud83d\udccc<strong>LUGAR: <\/strong>CEIP NUESTRA SE\u00d1ORA DEL ROSARIO, TORRES DE LA ALAMEDA<\/p>\n\n\n\n<p>\ud83d\uddd3\ufe0f<strong>FECHA:<\/strong>MARTES 28 DE ABRIL<\/p>\n\n\n\n<p>\ud83d\udd5b<strong>HORA:<\/strong>10:00 HORAS.<\/p>\n\n\n\n<figure class=\"wp-block-image size-full\"><img loading=\"lazy\" decoding=\"async\" width=\"563\" height=\"251\" src=\"https:\/\/www.mancomunidadpantuena.org\/wp-content\/uploads\/2026\/04\/Captura-de-pantalla-2026-04-30-102559.png\" alt=\"\" class=\"wp-image-1119\" srcset=\"https:\/\/www.mancomunidadpantuena.org\/wp-content\/uploads\/2026\/04\/Captura-de-pantalla-2026-04-30-102559.png 563w, https:\/\/www.mancomunidadpantuena.org\/wp-content\/uploads\/2026\/04\/Captura-de-pantalla-2026-04-30-102559-300x134.png 300w, https:\/\/www.mancomunidadpantuena.org\/wp-content\/uploads\/2026\/04\/Captura-de-pantalla-2026-04-30-102559-500x223.png 500w\" sizes=\"auto, (max-width: 563px) 100vw, 563px\" \/><\/figure>\n\n\n\n<p><br><strong>\u00abII SEMANA DE LA SENSIBILIZACI\u00d3N\u00bb EXPOSICI\u00d3N FOTOGR\u00c1FICA \u201cLA COMPA\u00d1\u00cdA NO TIENE EDAD\u201d<\/strong><\/p>\n\n\n\n<figure class=\"wp-block-image size-full is-resized\"><img loading=\"lazy\" decoding=\"async\" width=\"391\" height=\"509\" src=\"https:\/\/www.mancomunidadpantuena.org\/wp-content\/uploads\/2026\/04\/exposicion.png\" alt=\"\" class=\"wp-image-1120\" style=\"aspect-ratio:0.7747058823529411;width:566px;height:auto\" srcset=\"https:\/\/www.mancomunidadpantuena.org\/wp-content\/uploads\/2026\/04\/exposicion.png 391w, https:\/\/www.mancomunidadpantuena.org\/wp-content\/uploads\/2026\/04\/exposicion-230x300.png 230w\" sizes=\"auto, (max-width: 391px) 100vw, 391px\" \/><\/figure>\n\n\n\n<p>Desde el Proyecto Soledad No Deseada de la Mancomunidad de Servicios Sociales Pantue\u00f1a y con el objetivo de reflejar c\u00f3mo es la superaci\u00f3n de la brecha entre diferentes generaciones para construir una sociedad m\u00e1s cohesionada que nos ayude a mitigar los sentimientos de soledad, hemos decidido presentar la siguiente fotograf\u00eda que participar\u00e1 en la iniciativa #RedMayoresEnCompa\u00f1\u00eda y #LaCompa\u00f1\u00edaNoTieneEdad.<\/p>\n\n\n\n<p><em>\u00abIgualdad y Respeto\u00bb<\/em><\/p>\n\n\n\n<p><em>Fotograf\u00eda presentada por Raquel y Pepa. Dos mujeres que participan en el proyecto que se desarrolla desde la mancomunidad.<\/em><\/p>\n\n\n\n<p><em>La fotograf\u00eda muestra un gesto sencillo pero profundamente significativo, dos mujeres se toman de la mano con firmeza y delicadeza al mismo tiempo. En conjunto, la imagen se convierte en una representaci\u00f3n poderosa de la sororidad, un lazo de solidaridad entre mujeres que trasciende diferencias y celebra la empat\u00eda, la uni\u00f3n y la lucha conjunta que persiste entre las diferentes generaciones.<\/em><\/p>\n\n\n\n<figure class=\"wp-block-image size-full\"><img loading=\"lazy\" decoding=\"async\" width=\"774\" height=\"967\" src=\"https:\/\/www.mancomunidadpantuena.org\/wp-content\/uploads\/2026\/04\/foto-manos.jpg\" alt=\"\" class=\"wp-image-1126\" srcset=\"https:\/\/www.mancomunidadpantuena.org\/wp-content\/uploads\/2026\/04\/foto-manos.jpg 774w, https:\/\/www.mancomunidadpantuena.org\/wp-content\/uploads\/2026\/04\/foto-manos-240x300.jpg 240w, https:\/\/www.mancomunidadpantuena.org\/wp-content\/uploads\/2026\/04\/foto-manos-768x960.jpg 768w\" sizes=\"auto, (max-width: 774px) 100vw, 774px\" \/><\/figure>\n","protected":false},"excerpt":{"rendered":"<p>\u00abII SEMANA DE LA SENSIBILIZACI\u00d3N\u00bb COMPARTIENDO M\u00c1S ALL\u00c1 DEL TIEMPO Desde el Proyecto Soledad No Deseada de la Mancomunidad de Servicios Sociales Pantue\u00f1a y en el marco de las acciones orientadas a la promoci\u00f3n del bienestar emocional y social, se &hellip; <a href=\"https:\/\/www.mancomunidadpantuena.org\/index.php\/2026\/04\/30\/actividades-realizadas-en-la-ii-semana-de-la-sensibilizacion-desde-el-programa-de-soledad-no-deseada-de-la-mancomunidad-de-servicios-sociales-pantuena\/\">Sigue leyendo <span class=\"meta-nav\">&rarr;<\/span><\/a><\/p>\n","protected":false},"author":1,"featured_media":0,"comment_status":"closed","ping_status":"closed","sticky":false,"template":"","format":"standard","meta":{"footnotes":""},"categories":[29],"tags":[],"class_list":["post-1117","post","type-post","status-publish","format-standard","hentry","category-soledad-no-deseada"],"_links":{"self":[{"href":"https:\/\/www.mancomunidadpantuena.org\/index.php\/wp-json\/wp\/v2\/posts\/1117","targetHints":{"allow":["GET"]}}],"collection":[{"href":"https:\/\/www.mancomunidadpantuena.org\/index.php\/wp-json\/wp\/v2\/posts"}],"about":[{"href":"https:\/\/www.mancomunidadpantuena.org\/index.php\/wp-json\/wp\/v2\/types\/post"}],"author":[{"embeddable":true,"href":"https:\/\/www.mancomunidadpantuena.org\/index.php\/wp-json\/wp\/v2\/users\/1"}],"replies":[{"embeddable":true,"href":"https:\/\/www.mancomunidadpantuena.org\/index.php\/wp-json\/wp\/v2\/comments?post=1117"}],"version-history":[{"count":2,"href":"https:\/\/www.mancomunidadpantuena.org\/index.php\/wp-json\/wp\/v2\/posts\/1117\/revisions"}],"predecessor-version":[{"id":1127,"href":"https:\/\/www.mancomunidadpantuena.org\/index.php\/wp-json\/wp\/v2\/posts\/1117\/revisions\/1127"}],"wp:attachment":[{"href":"https:\/\/www.mancomunidadpantuena.org\/index.php\/wp-json\/wp\/v2\/media?parent=1117"}],"wp:term":[{"taxonomy":"category","embeddable":true,"href":"https:\/\/www.mancomunidadpantuena.org\/index.php\/wp-json\/wp\/v2\/categories?post=1117"},{"taxonomy":"post_tag","embeddable":true,"href":"https:\/\/www.mancomunidadpantuena.org\/index.php\/wp-json\/wp\/v2\/tags?post=1117"}],"curies":[{"name":"wp","href":"https:\/\/api.w.org\/{rel}","templated":true}]}}