{"id":1107,"date":"2026-04-30T08:10:12","date_gmt":"2026-04-30T08:10:12","guid":{"rendered":"https:\/\/www.mancomunidadpantuena.org\/?p=1107"},"modified":"2026-04-30T08:32:56","modified_gmt":"2026-04-30T08:32:56","slug":"ii-semana-de-la-sensibilizacion","status":"publish","type":"post","link":"https:\/\/www.mancomunidadpantuena.org\/index.php\/2026\/04\/30\/ii-semana-de-la-sensibilizacion\/","title":{"rendered":"II SEMANA DE LA SENSIBILIZACI\u00d3N."},"content":{"rendered":"\n<p><strong>Red de atenci\u00f3n a mayores en soledad<\/strong><\/p>\n\n\n\n<figure class=\"wp-block-image size-full is-resized\"><img loading=\"lazy\" decoding=\"async\" width=\"346\" height=\"444\" src=\"https:\/\/www.mancomunidadpantuena.org\/wp-content\/uploads\/2026\/04\/IMAGEN-1-DE-VERDAS-3.png\" alt=\"\" class=\"wp-image-1114\" style=\"aspect-ratio:0.7864398352038642;width:614px;height:auto\" srcset=\"https:\/\/www.mancomunidadpantuena.org\/wp-content\/uploads\/2026\/04\/IMAGEN-1-DE-VERDAS-3.png 346w, https:\/\/www.mancomunidadpantuena.org\/wp-content\/uploads\/2026\/04\/IMAGEN-1-DE-VERDAS-3-234x300.png 234w\" sizes=\"auto, (max-width: 346px) 100vw, 346px\" \/><\/figure>\n\n\n\n<p><br>Del 27 al 30 de abril la&nbsp;Red de Atenci\u00f3n a Mayores en Soledad&nbsp;organiza la II Semana de Sensibilizaci\u00f3n, bajo el lema:&nbsp;\u00abConstruimos RED para frenar la SOLEDAD\u00bb<\/p>\n\n\n\n<p><br><strong>Art\u00edculo de fondo<\/strong>. <\/p>\n\n\n\n<p>Generando una comunidad de pr\u00e1ctica para mitigar la soledad en personas mayores. Claves de \u00e9xito <\/p>\n\n\n\n<p>#RedMayoresEnCompa\u00f1\u00eda<\/p>\n\n\n\n<p>#LaCompa\u00f1\u00edaNoTieneEdad<\/p>\n\n\n\n<p>#GIW26.<\/p>\n\n\n\n<p><a href=\"https:\/\/drive.google.com\/file\/d\/1XtWt7l7hyJGrIB5pjoC-4_wFXYpkuRK9\/view?usp=sharing\">https:\/\/drive.google.com\/file\/d\/1XtWt7l7hyJGrIB5pjoC-4_wFXYpkuRK9\/view?usp=sharing<\/a><\/p>\n\n\n\n<p><br><strong>Pent\u00e1logo de 5 claves de \u00e9xito sobre soledad e intergeneracionalidad<\/strong><\/p>\n\n\n\n<figure class=\"wp-block-image size-large\"><img loading=\"lazy\" decoding=\"async\" width=\"819\" height=\"1024\" src=\"https:\/\/www.mancomunidadpantuena.org\/wp-content\/uploads\/2026\/04\/COCREACION-819x1024.jpg\" alt=\"\" class=\"wp-image-1115\" srcset=\"https:\/\/www.mancomunidadpantuena.org\/wp-content\/uploads\/2026\/04\/COCREACION-819x1024.jpg 819w, https:\/\/www.mancomunidadpantuena.org\/wp-content\/uploads\/2026\/04\/COCREACION-240x300.jpg 240w, https:\/\/www.mancomunidadpantuena.org\/wp-content\/uploads\/2026\/04\/COCREACION-768x960.jpg 768w, https:\/\/www.mancomunidadpantuena.org\/wp-content\/uploads\/2026\/04\/COCREACION.jpg 1080w\" sizes=\"auto, (max-width: 819px) 100vw, 819px\" \/><\/figure>\n\n\n\n<ul class=\"wp-block-list\">\n<li><a href=\"https:\/\/drive.google.com\/file\/d\/19hEYs7F23qYhvI7sVZ1u6OxcjGofaLu-\/view?usp=sharing\">https:\/\/drive.google.com\/file\/d\/19hEYs7F23qYhvI7sVZ1u6OxcjGofaLu-\/view?usp=sharing<\/a><\/li>\n<\/ul>\n\n\n\n<p><\/p>\n","protected":false},"excerpt":{"rendered":"<p>Red de atenci\u00f3n a mayores en soledad Del 27 al 30 de abril la&nbsp;Red de Atenci\u00f3n a Mayores en Soledad&nbsp;organiza la II Semana de Sensibilizaci\u00f3n, bajo el lema:&nbsp;\u00abConstruimos RED para frenar la SOLEDAD\u00bb Art\u00edculo de fondo. Generando una comunidad de &hellip; <a href=\"https:\/\/www.mancomunidadpantuena.org\/index.php\/2026\/04\/30\/ii-semana-de-la-sensibilizacion\/\">Sigue leyendo <span class=\"meta-nav\">&rarr;<\/span><\/a><\/p>\n","protected":false},"author":1,"featured_media":1108,"comment_status":"closed","ping_status":"closed","sticky":false,"template":"","format":"standard","meta":{"footnotes":""},"categories":[29],"tags":[],"class_list":["post-1107","post","type-post","status-publish","format-standard","has-post-thumbnail","hentry","category-soledad-no-deseada"],"_links":{"self":[{"href":"https:\/\/www.mancomunidadpantuena.org\/index.php\/wp-json\/wp\/v2\/posts\/1107","targetHints":{"allow":["GET"]}}],"collection":[{"href":"https:\/\/www.mancomunidadpantuena.org\/index.php\/wp-json\/wp\/v2\/posts"}],"about":[{"href":"https:\/\/www.mancomunidadpantuena.org\/index.php\/wp-json\/wp\/v2\/types\/post"}],"author":[{"embeddable":true,"href":"https:\/\/www.mancomunidadpantuena.org\/index.php\/wp-json\/wp\/v2\/users\/1"}],"replies":[{"embeddable":true,"href":"https:\/\/www.mancomunidadpantuena.org\/index.php\/wp-json\/wp\/v2\/comments?post=1107"}],"version-history":[{"count":3,"href":"https:\/\/www.mancomunidadpantuena.org\/index.php\/wp-json\/wp\/v2\/posts\/1107\/revisions"}],"predecessor-version":[{"id":1125,"href":"https:\/\/www.mancomunidadpantuena.org\/index.php\/wp-json\/wp\/v2\/posts\/1107\/revisions\/1125"}],"wp:featuredmedia":[{"embeddable":true,"href":"https:\/\/www.mancomunidadpantuena.org\/index.php\/wp-json\/wp\/v2\/media\/1108"}],"wp:attachment":[{"href":"https:\/\/www.mancomunidadpantuena.org\/index.php\/wp-json\/wp\/v2\/media?parent=1107"}],"wp:term":[{"taxonomy":"category","embeddable":true,"href":"https:\/\/www.mancomunidadpantuena.org\/index.php\/wp-json\/wp\/v2\/categories?post=1107"},{"taxonomy":"post_tag","embeddable":true,"href":"https:\/\/www.mancomunidadpantuena.org\/index.php\/wp-json\/wp\/v2\/tags?post=1107"}],"curies":[{"name":"wp","href":"https:\/\/api.w.org\/{rel}","templated":true}]}}