{"id":1016,"date":"2025-11-20T12:40:43","date_gmt":"2025-11-20T12:40:43","guid":{"rendered":"https:\/\/www.mancomunidadpantuena.org\/?p=1016"},"modified":"2025-11-20T12:40:43","modified_gmt":"2025-11-20T12:40:43","slug":"cuentacuentos-en-familia-creando-igualdad-torres-de-la-alameda","status":"publish","type":"post","link":"https:\/\/www.mancomunidadpantuena.org\/index.php\/2025\/11\/20\/cuentacuentos-en-familia-creando-igualdad-torres-de-la-alameda\/","title":{"rendered":"Cuentacuentos en Familia: Creando Igualdad. Torres de la Alameda"},"content":{"rendered":"\n<figure class=\"wp-block-image size-large\"><img loading=\"lazy\" decoding=\"async\" width=\"724\" height=\"1024\" src=\"https:\/\/www.mancomunidadpantuena.org\/wp-content\/uploads\/2025\/11\/cuenta-torres-1-724x1024.png\" alt=\"\" class=\"wp-image-1017\" srcset=\"https:\/\/www.mancomunidadpantuena.org\/wp-content\/uploads\/2025\/11\/cuenta-torres-1-724x1024.png 724w, https:\/\/www.mancomunidadpantuena.org\/wp-content\/uploads\/2025\/11\/cuenta-torres-1-212x300.png 212w, https:\/\/www.mancomunidadpantuena.org\/wp-content\/uploads\/2025\/11\/cuenta-torres-1-768x1086.png 768w, https:\/\/www.mancomunidadpantuena.org\/wp-content\/uploads\/2025\/11\/cuenta-torres-1-1086x1536.png 1086w, https:\/\/www.mancomunidadpantuena.org\/wp-content\/uploads\/2025\/11\/cuenta-torres-1.png 1414w\" sizes=\"auto, (max-width: 724px) 100vw, 724px\" \/><\/figure>\n\n\n\n<p>Desde el Punto municipal del observatorio regional de violencia de g\u00e9nero de la Mancomunidad de Pantue\u00f1a, en su l\u00ednea de igualdad, talleres en familia!&nbsp;os presentamos&nbsp;la segunda edici\u00f3n de Cuentacuentos<\/p>\n\n\n\n<p>\ud83d\udce3&nbsp;2\u00ba Edici\u00f3n de nuestros cuentacuentos \u00abCreando Igualdad\u00bb.<\/p>\n\n\n\n<p>\ud83d\udcc6&nbsp; Dia. Domingo&nbsp;30&nbsp;de&nbsp;Noviembre&nbsp;<\/p>\n\n\n\n<p>\ud83d\udccc&nbsp;Lugar&nbsp;Recinto ferial. Paseo de los pozos s\/n. Torres de la Alameda<\/p>\n\n\n\n<p>\u23f0&nbsp;Horario: 12.00&nbsp;horas<\/p>\n\n\n\n<p>\ud83d\udc6f\ud83d\udc6d&nbsp;Para familias : recomendado menores 5-10 a\u00f1os<\/p>\n\n\n\n<p>\ud83d\udc49\ud83d\udc49&nbsp;Inscripciones:<\/p>\n\n\n\n<p>Pincha\ud83d\udc47<\/p>\n\n\n\n<figure class=\"wp-block-embed\"><div class=\"wp-block-embed__wrapper\">\nhttps:\/\/docs.google.com\/forms\/d\/e\/1FAIpQLSdy1QAkzB0hudWYhEaid-S_05n2kmR9UIRRqlezOrRofPSRYA\/viewform?pli=1\n<\/div><\/figure>\n\n\n\n<p>o Si prefieres&#8230;<\/p>\n\n\n\n<p>por&nbsp;<strong>\u260e\ufe0f. LLama al 695267922<\/strong><\/p>\n\n\n\n<p>Actividad cofinanciada al 40% por parte del Fondo Social Europeo Plus (FSE+) en el marco del programa operativo de la Comunidad de Madrid 2021-2027<\/p>\n\n\n\n<p><\/p>\n","protected":false},"excerpt":{"rendered":"<p>Desde el Punto municipal del observatorio regional de violencia de g\u00e9nero de la Mancomunidad de Pantue\u00f1a, en su l\u00ednea de igualdad, talleres en familia!&nbsp;os presentamos&nbsp;la segunda edici\u00f3n de Cuentacuentos \ud83d\udce3&nbsp;2\u00ba Edici\u00f3n de nuestros cuentacuentos \u00abCreando Igualdad\u00bb. \ud83d\udcc6&nbsp; Dia. Domingo&nbsp;30&nbsp;de&nbsp;Noviembre&nbsp; \ud83d\udccc&nbsp;Lugar&nbsp;Recinto &hellip; <a href=\"https:\/\/www.mancomunidadpantuena.org\/index.php\/2025\/11\/20\/cuentacuentos-en-familia-creando-igualdad-torres-de-la-alameda\/\">Sigue leyendo <span class=\"meta-nav\">&rarr;<\/span><\/a><\/p>\n","protected":false},"author":1,"featured_media":1017,"comment_status":"closed","ping_status":"closed","sticky":false,"template":"","format":"standard","meta":{"footnotes":""},"categories":[1],"tags":[],"class_list":["post-1016","post","type-post","status-publish","format-standard","has-post-thumbnail","hentry","category-sin-categoria"],"_links":{"self":[{"href":"https:\/\/www.mancomunidadpantuena.org\/index.php\/wp-json\/wp\/v2\/posts\/1016","targetHints":{"allow":["GET"]}}],"collection":[{"href":"https:\/\/www.mancomunidadpantuena.org\/index.php\/wp-json\/wp\/v2\/posts"}],"about":[{"href":"https:\/\/www.mancomunidadpantuena.org\/index.php\/wp-json\/wp\/v2\/types\/post"}],"author":[{"embeddable":true,"href":"https:\/\/www.mancomunidadpantuena.org\/index.php\/wp-json\/wp\/v2\/users\/1"}],"replies":[{"embeddable":true,"href":"https:\/\/www.mancomunidadpantuena.org\/index.php\/wp-json\/wp\/v2\/comments?post=1016"}],"version-history":[{"count":1,"href":"https:\/\/www.mancomunidadpantuena.org\/index.php\/wp-json\/wp\/v2\/posts\/1016\/revisions"}],"predecessor-version":[{"id":1018,"href":"https:\/\/www.mancomunidadpantuena.org\/index.php\/wp-json\/wp\/v2\/posts\/1016\/revisions\/1018"}],"wp:featuredmedia":[{"embeddable":true,"href":"https:\/\/www.mancomunidadpantuena.org\/index.php\/wp-json\/wp\/v2\/media\/1017"}],"wp:attachment":[{"href":"https:\/\/www.mancomunidadpantuena.org\/index.php\/wp-json\/wp\/v2\/media?parent=1016"}],"wp:term":[{"taxonomy":"category","embeddable":true,"href":"https:\/\/www.mancomunidadpantuena.org\/index.php\/wp-json\/wp\/v2\/categories?post=1016"},{"taxonomy":"post_tag","embeddable":true,"href":"https:\/\/www.mancomunidadpantuena.org\/index.php\/wp-json\/wp\/v2\/tags?post=1016"}],"curies":[{"name":"wp","href":"https:\/\/api.w.org\/{rel}","templated":true}]}}